{"id":1528,"date":"2022-04-18T19:00:00","date_gmt":"2022-04-18T22:00:00","guid":{"rendered":"https:\/\/www.fazendaboqueiraorn.com.br\/?p=1528"},"modified":"2022-04-18T14:31:06","modified_gmt":"2022-04-18T17:31:06","slug":"programa-nacional-de-fortalecimento-da-agricultura-familiar","status":"publish","type":"post","link":"https:\/\/www.fazendaboqueiraorn.com.br\/en\/programa-nacional-de-fortalecimento-da-agricultura-familiar\/","title":{"rendered":"Programa Nacional de Fortalecimento da Agricultura Familiar"},"content":{"rendered":"<p>O Programa Nacional de Fortalecimento da Agricultura Familiar (Pronaf) financia projetos individuais ou coletivos, que gerem renda aos agricultores familiares e assentados da reforma agr\u00e1ria. O programa possui as mais baixas taxas de juros dos financiamentos rurais, al\u00e9m das menores taxas de inadimpl\u00eancia entre os sistemas de cr\u00e9dito do pa\u00eds.<\/p>\n\n\n\n<div class=\"wp-block-image\"><figure class=\"aligncenter size-full\"><img data-recalc-dims=\"1\" decoding=\"async\" width=\"908\" height=\"587\" loading=\"lazy\" src=\"https:\/\/i0.wp.com\/www.fazendaboqueiraorn.com.br\/wp-content\/uploads\/2022\/04\/pronaf.jpg?resize=908%2C587&#038;ssl=1\" alt=\"\" class=\"wp-image-1543\" srcset=\"https:\/\/i0.wp.com\/www.fazendaboqueiraorn.com.br\/wp-content\/uploads\/2022\/04\/pronaf.jpg?w=908&amp;ssl=1 908w, https:\/\/i0.wp.com\/www.fazendaboqueiraorn.com.br\/wp-content\/uploads\/2022\/04\/pronaf.jpg?resize=600%2C388&amp;ssl=1 600w, https:\/\/i0.wp.com\/www.fazendaboqueiraorn.com.br\/wp-content\/uploads\/2022\/04\/pronaf.jpg?resize=300%2C194&amp;ssl=1 300w, https:\/\/i0.wp.com\/www.fazendaboqueiraorn.com.br\/wp-content\/uploads\/2022\/04\/pronaf.jpg?resize=768%2C496&amp;ssl=1 768w, https:\/\/i0.wp.com\/www.fazendaboqueiraorn.com.br\/wp-content\/uploads\/2022\/04\/pronaf.jpg?resize=18%2C12&amp;ssl=1 18w\" sizes=\"auto, (max-width: 908px) 100vw, 908px\" \/><\/figure><\/div>\n\n\n\n<p>Segundo a Organiza\u00e7\u00e3o das Na\u00e7\u00f5es Unidas (ONU), a agricultura familiar \u00e9 respons\u00e1vel por 80% dos alimentos produzidos no mundo todo. No Brasil, s\u00e3o respons\u00e1veis pela maioria dos alimentos que chegam \u00e0 mesa da popula\u00e7\u00e3o, como caf\u00e9, leite, mandioca e feij\u00e3o. Diante disso, para fortalecer as atividades agr\u00edcolas, foi criado o Pronaf: Programa Nacional de Fortalecimento da Agricultura Familiar.<\/p>\n\n\n\n<p>Possu\u00ed como \u00f3rg\u00e3o respons\u00e1vel o SEAD, Secretaria Especial de Agricultura Familiar e do Desenvolvimento Agr\u00e1rio. Promove o desenvolvimento rural, a partir da redu\u00e7\u00e3o das desigualdades, a inclus\u00e3o socioecon\u00f4mica dos agricultores familiares em toda sua diversidade e a seguran\u00e7a alimentar de toda a popula\u00e7\u00e3o.<\/p>\n\n\n\n<p>O Pronaf tem como objetivo auxiliar os pequenos produtores rurais para contribuir no crescimento de seus neg\u00f3cios, al\u00e9m de diminuir a desigualdade social.&nbsp;<\/p>\n\n\n\n<p>Os agricultores familiares podem utilizar os cr\u00e9ditos em diversas atividades e servi\u00e7os, como: aquisi\u00e7\u00e3o de sementes, fertilizantes, insumos, entre outros itens. Tais itens podem ser para o dia a dia da produ\u00e7\u00e3o agr\u00edcola ou pecu\u00e1ria, recupera\u00e7\u00e3o de pastagens, implanta\u00e7\u00e3o de sistemas de irriga\u00e7\u00e3o e de armazenagem, moderniza\u00e7\u00e3o de equipamentos e maquin\u00e1rios, e at\u00e9 mesmo reforma e amplia\u00e7\u00e3o das estruturas de produ\u00e7\u00e3o.<\/p>\n\n\n\n<h2 class=\"wp-block-heading\">Acesso ao PRONAF<\/h2>\n\n\n\n<p>O acesso ao Pronaf inicia-se na discuss\u00e3o da fam\u00edlia sobre a necessidade do cr\u00e9dito, seja ele para o custeio da safra ou atividade agroindustrial, seja para o investimento em m\u00e1quinas, equipamentos ou infraestrutura de produ\u00e7\u00e3o e servi\u00e7os agropecu\u00e1rios ou n\u00e3o agropecu\u00e1rios.<\/p>\n\n\n\n<p>Para ter acesso \u00e0s linhas de cr\u00e9dito do Pronaf, o pequeno produtor rural precisa se enquadrar em uma destas categorias abaixo, mediante a apresenta\u00e7\u00e3o da Declara\u00e7\u00e3o de Aptid\u00e3o ao Pronaf (DAP):<\/p>\n\n\n\n<ul class=\"wp-block-list\"><li>Agricultores familiares;<\/li><li>Pescadores artesanais, que explorem a atividade como aut\u00f4nomo;<\/li><li>Aquicultores que explorem \u00e1reas de at\u00e9 2 hectares de l\u00e2mina d\u2019\u00e1gua ou um tanque-rede de at\u00e9 500m\u00b3 de \u00e1gua;<\/li><li>Maricultores;<\/li><li>Quilombolas<\/li><li>Povos ind\u00edgenas;<\/li><li>Assentados da reforma agr\u00e1ria;<\/li><li>Extrativistas (exceto garimpeiros e faiscadores);<\/li><li>Silvicultores que cultivem e promovem o manejo sustent\u00e1vel de florestas nativas ou ex\u00f3ticas;<\/li><li>Benefici\u00e1rios do Programa Nacional de Cr\u00e9dito Fundi\u00e1rio.<\/li><\/ul>\n\n\n\n<p>Ap\u00f3s a decis\u00e3o do que financiar, a fam\u00edlia deve procurar o sindicato rural para obten\u00e7\u00e3o da Declara\u00e7\u00e3o de Aptid\u00e3o ao Pronaf (DAP), que ser\u00e1 emitida de acordo com a renda anual e as atividades exploradas, direcionando o agricultor para as linhas espec\u00edficas de cr\u00e9dito a que tem direito. Para os benefici\u00e1rios da reforma agr\u00e1ria e do cr\u00e9dito fundi\u00e1rio, o agricultor deve procurar o Incra ou a UTE.<\/p>\n\n\n\n<h2 class=\"wp-block-heading\">Requisitos para a Declara\u00e7\u00e3o de Aptid\u00e3o ao PRONAF<\/h2>\n\n\n\n<p>O agricultor deve estar com o CPF regularizado e livre de d\u00edvidas. As condi\u00e7\u00f5es de acesso ao Cr\u00e9dito Pronaf, as formas de pagamento e taxas de juros correspondentes a cada linha s\u00e3o definidas, anualmente, a cada Plano Safra da Agricultura Familiar, divulgado entre os meses de junho e julho.<\/p>\n\n\n\n<p>Os j\u00e1 participantes do PNCF e pretensos benefici\u00e1rios de cr\u00e9dito fundi\u00e1rio dentro do Pronaf A devem encaminhar sua solicita\u00e7\u00e3o acompanhada dos projetos, da DAP e toda a documenta\u00e7\u00e3o pertinente, conforme o caso, para o N\u00facleo de Projetos Especial (NPE) &#8211; unidade administrativa do Idaf que integra as tarefas da UTE.<\/p>\n\n\n\n<p>As solicita\u00e7\u00f5es direcionadas ao Pronaf A podem ser protocoladas diretamente no NPE ou remetidas a esse por meio de qualquer Ger\u00eancia Local ou Regional do Idaf, que se encarregar\u00e1 de direcion\u00e1-las. Tamb\u00e9m \u00e9 facultado ao requerente encaminhar suas solicita\u00e7\u00f5es pelo correio.<\/p>\n\n\n\n<p>Durante o procedimento de an\u00e1lise preliminar, caso haja eventual falha de projeto, a UTE notificar\u00e1 a consultoria de Ater (preferencialmente por meio eletr\u00f4nico), solicitando que ela busque os meios para sanar o problema.<\/p>\n\n\n\n<p>Ap\u00f3s a an\u00e1lise preliminar da UTE e corre\u00e7\u00e3o de eventuais problemas, a UTE tramitar\u00e1 a proposta por meio de of\u00edcio do coordenador (ou seu substituto) para o agente financiador.<\/p>\n\n\n\n<h2 class=\"wp-block-heading\">Documenta\u00e7\u00e3o necess\u00e1ria para acessar ao PRONAF A<\/h2>\n\n\n\n<ul class=\"wp-block-list\"><li>Solicita\u00e7\u00e3o de acesso ao Pronaf A.<\/li><li>Estudos, projetos e propostas (incluindo os dados relativos ao investimento\/custeio pleiteado).<\/li><li>Documenta\u00e7\u00e3o dos pretensos benefici\u00e1rios (identidade\/CPF \u2013 tamb\u00e9m do c\u00f4njuge, caso haja);<\/li><li>DAP (se casado, o c\u00f4njuge tamb\u00e9m deve assinar o documento).<\/li><li>Documenta\u00e7\u00e3o que caracterize v\u00ednculo com a terra.<\/li><li>Anota\u00e7\u00e3o de Responsabilidade T\u00e9cnica (ART) do respons\u00e1vel pelo projeto.<\/li><li>Dados para contato (telefone e e-mail) com a empresa de Ater.<\/li><\/ul>\n\n\n\n<p>Confira neste <a href=\"https:\/\/idaf.es.gov.br\/Media\/idaf\/Acesso%20r%C3%A1pido\/6.%20UTE\/Checklist%20Pronaf.pdf\" target=\"_blank\" rel=\"noreferrer noopener nofollow\">PDF com o checklist do PRONAF<\/a>.<\/p>\n\n\n\n<h2 class=\"wp-block-heading\">Requisitos para entrar no PRONAF<\/h2>\n\n\n\n<p>\u00c9 necess\u00e1rio preencher requisitos b\u00e1sicos, como:<\/p>\n\n\n\n<ul class=\"wp-block-list\"><li>Residir na propriedade rural ou em uma localidade pr\u00f3xima;<\/li><li>Manter uma explora\u00e7\u00e3o econ\u00f3mica da terra, seja como propriet\u00e1rio, posseiro, parceiro ou concession\u00e1rio do Programa Nacional de Reforma Agr\u00e1ria (PNRA);<\/li><li>Ter ao menos 50% da renda bruta familiar proveniente da atividade rural;<\/li><li>Ter renda bruta familiar de at\u00e9 R$ 360 mil nos \u00faltimos 12 meses antes de ingressar ao programa;<\/li><li>Utilizar m\u00e3o de obras de terceiros apenas como algo excepcional e sazonal <\/li><li>Se os empregados forem fixos, \u00e9 preciso ser em menor n\u00famero que os integrantes da fam\u00edlia;<\/li><\/ul>\n\n\n\n<h3 class=\"wp-block-heading\"><strong>Quem tem a posse ou o arrendamento de uma terra tamb\u00e9m pode solicitar cr\u00e9ditos do Pronaf?<\/strong><\/h3>\n\n\n\n<p>N\u00e3o h\u00e1 impeditivo algum, nem qualquer tipo de problema em o agricultor que n\u00e3o seja o propriet\u00e1rio direto da terra solicitar as&nbsp;linhas de cr\u00e9dito&nbsp;do Pronaf para melhorar a estrutura ou a sua produ\u00e7\u00e3o. Isso inclui, por exemplo, aqueles produtos que s\u00e3o arrendat\u00e1rios ou t\u00eam a posse de determinado hectare de campo.<\/p>\n\n\n\n<p>Quando isso acontece, tampouco h\u00e1 necessidade de registrar o contrato em cart\u00f3rio. Basta apenas que esse contrato esteja anexado ou registrado na pr\u00f3pria&nbsp;<strong>Declara\u00e7\u00e3o de Aptid\u00e3o ao Pronaf<\/strong>&nbsp;(DAP), documento de entrega obrigat\u00f3ria.<\/p>\n\n\n\n<p>A Declara\u00e7\u00e3o de Aptid\u00e3o ao Pronaf (DAP), j\u00e1 mencionada, \u00e9 o instrumento que identifica quem s\u00e3o os produtores familiares que est\u00e3o pleiteando um financiamento rural. A entrega desse documento, portanto, \u00e9 obrigat\u00f3ria para quem deseja ter acesso \u00e0s linhas de cr\u00e9dito do governo, sendo um dos seus requisitos mais importantes.<\/p>\n\n\n\n<h2 class=\"wp-block-heading\">Subprogramas do PRONAF<\/h2>\n\n\n\n<p>Entenda a quem se destinam os <a href=\"https:\/\/www.bndes.gov.br\/wps\/portal\/site\/home\/financiamento\/produto\/pronaf\" target=\"_blank\" rel=\"noreferrer noopener nofollow\">subprogramas do PRONAF<\/a>, o que pode ser financiado e como solicitar o apoio.<\/p>\n\n\n\n<ul class=\"wp-block-list\"><li><strong>Agroind\u00fastria<\/strong>: financiamento a agricultores e produtores rurais familiares, pessoas f\u00edsicas e jur\u00eddicas, e a cooperativas para investimento em beneficiamento, armazenagem, processamento e comercializa\u00e7\u00e3o agr\u00edcola, extrativista, artesanal e de produtos florestais; e para apoio \u00e0 explora\u00e7\u00e3o de turismo rural;<\/li><li><strong>Mulher<\/strong>: financiamento \u00e0 mulher agricultora integrante de unidade familiar de produ\u00e7\u00e3o enquadrada no Pronaf, independentemente do estado civil;<\/li><li><strong>Agroecologia<\/strong>: financiamento a agricultores e produtores rurais familiares, pessoas f\u00edsicas, para investimento em sistemas de produ\u00e7\u00e3o agroecol\u00f3gicos ou org\u00e2nicos, incluindo-se os custos relativos \u00e0 implanta\u00e7\u00e3o e manuten\u00e7\u00e3o do empreendimento;<\/li><li><strong>Bioeconomia<\/strong>: financiamento a agricultores e produtores rurais familiares, pessoas f\u00edsicas, para investimento na utiliza\u00e7\u00e3o de tecnologias de energia renov\u00e1vel, tecnologias ambientais, armazenamento h\u00eddrico, pequenos aproveitamentos hidroenerg\u00e9ticos, silvicultura e ado\u00e7\u00e3o de pr\u00e1ticas conservacionistas e de corre\u00e7\u00e3o da acidez e fertilidade do solo, visando sua recupera\u00e7\u00e3o e melhoramento da capacidade produtiva;<\/li><li><strong> Mais Alimentos<\/strong>: financiamento a agricultores e produtores rurais familiares, pessoas f\u00edsicas, para investimento em sua estrutura de produ\u00e7\u00e3o e servi\u00e7os, visando ao aumento de produtividade e \u00e0 eleva\u00e7\u00e3o da renda da fam\u00edlia;<\/li><li><strong> Jovem<\/strong>: financiamento a agricultores e produtores rurais familiares, pessoas f\u00edsicas, para investimento nas atividades de produ\u00e7\u00e3o, desde que benefici\u00e1rios sejam maiores de 16 anos e menores de 29 anos entre outros requisitos;<\/li><li><strong>Pronaf Microcr\u00e9dito<\/strong> (Grupo &#8220;B&#8221;): financiamento a agricultores e produtores rurais familiares, pessoas f\u00edsicas, que tenham obtido renda bruta familiar de at\u00e9 R$ 20 mil, nos 12 meses de produ\u00e7\u00e3o normal que antecederam a solicita\u00e7\u00e3o da Declara\u00e7\u00e3o de Aptid\u00e3o ao PRONAF (DAP);<\/li><li><strong>Cotas-Partes<\/strong>: financiamento para integraliza\u00e7\u00e3o de cotas-partes por benefici\u00e1rios do Pronaf associados a cooperativas de produ\u00e7\u00e3o rural; e aplica\u00e7\u00e3o pela cooperativa em capital de giro, custeio, investimento ou saneamento financeiro.<\/li><\/ul>","protected":false},"excerpt":{"rendered":"<p>O Programa Nacional de Fortalecimento da Agricultura Familiar (Pronaf) financia projetos individuais ou coletivos, que gerem renda aos agricultores familiares e assentados da reforma agr\u00e1ria.<\/p>","protected":false},"author":2,"featured_media":1543,"comment_status":"open","ping_status":"open","sticky":false,"template":"","format":"standard","meta":{"nf_dc_page":"","_uag_custom_page_level_css":"","site-sidebar-layout":"default","site-content-layout":"","ast-site-content-layout":"default","site-content-style":"default","site-sidebar-style":"default","ast-global-header-display":"","ast-banner-title-visibility":"","ast-main-header-display":"","ast-hfb-above-header-display":"","ast-hfb-below-header-display":"","ast-hfb-mobile-header-display":"","site-post-title":"","ast-breadcrumbs-content":"","ast-featured-img":"","footer-sml-layout":"","ast-disable-related-posts":"","theme-transparent-header-meta":"","adv-header-id-meta":"","stick-header-meta":"","header-above-stick-meta":"","header-main-stick-meta":"","header-below-stick-meta":"","astra-migrate-meta-layouts":"default","ast-page-background-enabled":"default","ast-page-background-meta":{"desktop":{"background-color":"var(--ast-global-color-4)","background-image":"","background-repeat":"repeat","background-position":"center center","background-size":"auto","background-attachment":"scroll","background-type":"","background-media":"","overlay-type":"","overlay-color":"","overlay-opacity":"","overlay-gradient":""},"tablet":{"background-color":"","background-image":"","background-repeat":"repeat","background-position":"center center","background-size":"auto","background-attachment":"scroll","background-type":"","background-media":"","overlay-type":"","overlay-color":"","overlay-opacity":"","overlay-gradient":""},"mobile":{"background-color":"","background-image":"","background-repeat":"repeat","background-position":"center center","background-size":"auto","background-attachment":"scroll","background-type":"","background-media":"","overlay-type":"","overlay-color":"","overlay-opacity":"","overlay-gradient":""}},"ast-content-background-meta":{"desktop":{"background-color":"var(--ast-global-color-5)","background-image":"","background-repeat":"repeat","background-position":"center center","background-size":"auto","background-attachment":"scroll","background-type":"","background-media":"","overlay-type":"","overlay-color":"","overlay-opacity":"","overlay-gradient":""},"tablet":{"background-color":"var(--ast-global-color-5)","background-image":"","background-repeat":"repeat","background-position":"center center","background-size":"auto","background-attachment":"scroll","background-type":"","background-media":"","overlay-type":"","overlay-color":"","overlay-opacity":"","overlay-gradient":""},"mobile":{"background-color":"var(--ast-global-color-5)","background-image":"","background-repeat":"repeat","background-position":"center center","background-size":"auto","background-attachment":"scroll","background-type":"","background-media":"","overlay-type":"","overlay-color":"","overlay-opacity":"","overlay-gradient":""}},"jetpack_post_was_ever_published":false,"_jetpack_newsletter_access":"","_jetpack_dont_email_post_to_subs":false,"_jetpack_newsletter_tier_id":0,"_jetpack_memberships_contains_paywalled_content":false,"_jetpack_memberships_contains_paid_content":false,"footnotes":"","jetpack_publicize_message":"","jetpack_publicize_feature_enabled":true,"jetpack_social_post_already_shared":true,"jetpack_social_options":{"image_generator_settings":{"template":"highway","default_image_id":0,"font":"","enabled":false},"version":2}},"categories":[1],"tags":[6,329,61,120,91,331,330,84],"class_list":["post-1528","post","type-post","status-publish","format-standard","has-post-thumbnail","hentry","category-noticia","tag-agricultura","tag-dap","tag-dia-d","tag-gado","tag-governo","tag-politica-publica","tag-pronaf","tag-turismo"],"yoast_head":"<!-- This site is optimized with the Yoast SEO plugin v27.4 - https:\/\/yoast.com\/product\/yoast-seo-wordpress\/ -->\n<title>Programa Nacional de Fortalecimento da Agricultura Familiar - Fazenda Boqueir\u00e3o<\/title>\n<meta name=\"description\" content=\"O Programa Nacional de Fortalecimento da Agricultura Familiar (Pronaf) financia projetos que gerem renda aos agricultores familiares.\" \/>\n<meta name=\"robots\" content=\"index, follow, max-snippet:-1, max-image-preview:large, max-video-preview:-1\" \/>\n<link rel=\"canonical\" href=\"https:\/\/www.fazendaboqueiraorn.com.br\/en\/programa-nacional-de-fortalecimento-da-agricultura-familiar\/\" \/>\n<meta property=\"og:locale\" content=\"en_US\" \/>\n<meta property=\"og:type\" content=\"article\" \/>\n<meta property=\"og:title\" content=\"Programa Nacional de Fortalecimento da Agricultura Familiar - Fazenda Boqueir\u00e3o\" \/>\n<meta property=\"og:description\" content=\"O Programa Nacional de Fortalecimento da Agricultura Familiar (Pronaf) financia projetos que gerem renda aos agricultores familiares.\" \/>\n<meta property=\"og:url\" content=\"https:\/\/www.fazendaboqueiraorn.com.br\/en\/programa-nacional-de-fortalecimento-da-agricultura-familiar\/\" \/>\n<meta property=\"og:site_name\" content=\"Fazenda Boqueir\u00e3o\" \/>\n<meta property=\"article:publisher\" content=\"https:\/\/www.facebook.com\/fazboqueirao\" \/>\n<meta property=\"article:published_time\" content=\"2022-04-18T22:00:00+00:00\" \/>\n<meta property=\"og:image\" content=\"https:\/\/i0.wp.com\/www.fazendaboqueiraorn.com.br\/wp-content\/uploads\/2022\/04\/pronaf.jpg?fit=908%2C587&ssl=1\" \/>\n\t<meta property=\"og:image:width\" content=\"908\" \/>\n\t<meta property=\"og:image:height\" content=\"587\" \/>\n\t<meta property=\"og:image:type\" content=\"image\/jpeg\" \/>\n<meta name=\"author\" content=\"Fazenda Boqueir\u00e3o\" \/>\n<meta name=\"twitter:card\" content=\"summary_large_image\" \/>\n<meta name=\"twitter:creator\" content=\"@FazBoqueirao\" \/>\n<meta name=\"twitter:site\" content=\"@FazBoqueirao\" \/>\n<meta name=\"twitter:label1\" content=\"Written by\" \/>\n\t<meta name=\"twitter:data1\" content=\"Fazenda Boqueir\u00e3o\" \/>\n\t<meta name=\"twitter:label2\" content=\"Est. reading time\" \/>\n\t<meta name=\"twitter:data2\" content=\"8 minutes\" \/>\n<script type=\"application\/ld+json\" class=\"yoast-schema-graph\">{\"@context\":\"https:\\\/\\\/schema.org\",\"@graph\":[{\"@type\":\"Article\",\"@id\":\"https:\\\/\\\/www.fazendaboqueiraorn.com.br\\\/programa-nacional-de-fortalecimento-da-agricultura-familiar\\\/#article\",\"isPartOf\":{\"@id\":\"https:\\\/\\\/www.fazendaboqueiraorn.com.br\\\/programa-nacional-de-fortalecimento-da-agricultura-familiar\\\/\"},\"author\":{\"name\":\"Fazenda Boqueir\u00e3o\",\"@id\":\"https:\\\/\\\/www.fazendaboqueiraorn.com.br\\\/#\\\/schema\\\/person\\\/70484dc96f76e66c6365a9f4a2ebfb02\"},\"headline\":\"Programa Nacional de Fortalecimento da Agricultura Familiar\",\"datePublished\":\"2022-04-18T22:00:00+00:00\",\"mainEntityOfPage\":{\"@id\":\"https:\\\/\\\/www.fazendaboqueiraorn.com.br\\\/programa-nacional-de-fortalecimento-da-agricultura-familiar\\\/\"},\"wordCount\":1442,\"commentCount\":0,\"publisher\":{\"@id\":\"https:\\\/\\\/www.fazendaboqueiraorn.com.br\\\/#organization\"},\"image\":{\"@id\":\"https:\\\/\\\/www.fazendaboqueiraorn.com.br\\\/programa-nacional-de-fortalecimento-da-agricultura-familiar\\\/#primaryimage\"},\"thumbnailUrl\":\"https:\\\/\\\/i0.wp.com\\\/www.fazendaboqueiraorn.com.br\\\/wp-content\\\/uploads\\\/2022\\\/04\\\/pronaf.jpg?fit=908%2C587&ssl=1\",\"keywords\":[\"Agricultura\",\"DAP\",\"Dia D\",\"gado\",\"governo\",\"pol\u00edtica p\u00fablica\",\"PRONAF\",\"turismo\"],\"articleSection\":[\"Not\u00edcias\"],\"inLanguage\":\"en-US\",\"potentialAction\":[{\"@type\":\"CommentAction\",\"name\":\"Comment\",\"target\":[\"https:\\\/\\\/www.fazendaboqueiraorn.com.br\\\/programa-nacional-de-fortalecimento-da-agricultura-familiar\\\/#respond\"]}]},{\"@type\":\"WebPage\",\"@id\":\"https:\\\/\\\/www.fazendaboqueiraorn.com.br\\\/programa-nacional-de-fortalecimento-da-agricultura-familiar\\\/\",\"url\":\"https:\\\/\\\/www.fazendaboqueiraorn.com.br\\\/programa-nacional-de-fortalecimento-da-agricultura-familiar\\\/\",\"name\":\"Programa Nacional de Fortalecimento da Agricultura Familiar - Fazenda Boqueir\u00e3o\",\"isPartOf\":{\"@id\":\"https:\\\/\\\/www.fazendaboqueiraorn.com.br\\\/#website\"},\"primaryImageOfPage\":{\"@id\":\"https:\\\/\\\/www.fazendaboqueiraorn.com.br\\\/programa-nacional-de-fortalecimento-da-agricultura-familiar\\\/#primaryimage\"},\"image\":{\"@id\":\"https:\\\/\\\/www.fazendaboqueiraorn.com.br\\\/programa-nacional-de-fortalecimento-da-agricultura-familiar\\\/#primaryimage\"},\"thumbnailUrl\":\"https:\\\/\\\/i0.wp.com\\\/www.fazendaboqueiraorn.com.br\\\/wp-content\\\/uploads\\\/2022\\\/04\\\/pronaf.jpg?fit=908%2C587&ssl=1\",\"datePublished\":\"2022-04-18T22:00:00+00:00\",\"description\":\"O Programa Nacional de Fortalecimento da Agricultura Familiar (Pronaf) financia projetos que gerem renda aos agricultores familiares.\",\"breadcrumb\":{\"@id\":\"https:\\\/\\\/www.fazendaboqueiraorn.com.br\\\/programa-nacional-de-fortalecimento-da-agricultura-familiar\\\/#breadcrumb\"},\"inLanguage\":\"en-US\",\"potentialAction\":[{\"@type\":\"ReadAction\",\"target\":[\"https:\\\/\\\/www.fazendaboqueiraorn.com.br\\\/programa-nacional-de-fortalecimento-da-agricultura-familiar\\\/\"]}]},{\"@type\":\"ImageObject\",\"inLanguage\":\"en-US\",\"@id\":\"https:\\\/\\\/www.fazendaboqueiraorn.com.br\\\/programa-nacional-de-fortalecimento-da-agricultura-familiar\\\/#primaryimage\",\"url\":\"https:\\\/\\\/i0.wp.com\\\/www.fazendaboqueiraorn.com.br\\\/wp-content\\\/uploads\\\/2022\\\/04\\\/pronaf.jpg?fit=908%2C587&ssl=1\",\"contentUrl\":\"https:\\\/\\\/i0.wp.com\\\/www.fazendaboqueiraorn.com.br\\\/wp-content\\\/uploads\\\/2022\\\/04\\\/pronaf.jpg?fit=908%2C587&ssl=1\",\"width\":908,\"height\":587,\"caption\":\"PRONAF\"},{\"@type\":\"BreadcrumbList\",\"@id\":\"https:\\\/\\\/www.fazendaboqueiraorn.com.br\\\/programa-nacional-de-fortalecimento-da-agricultura-familiar\\\/#breadcrumb\",\"itemListElement\":[{\"@type\":\"ListItem\",\"position\":1,\"name\":\"Home\",\"item\":\"https:\\\/\\\/www.fazendaboqueiraorn.com.br\\\/\"},{\"@type\":\"ListItem\",\"position\":2,\"name\":\"Programa Nacional de Fortalecimento da Agricultura Familiar\"}]},{\"@type\":\"WebSite\",\"@id\":\"https:\\\/\\\/www.fazendaboqueiraorn.com.br\\\/#website\",\"url\":\"https:\\\/\\\/www.fazendaboqueiraorn.com.br\\\/\",\"name\":\"Fazenda Boqueir\u00e3o\",\"description\":\"\",\"publisher\":{\"@id\":\"https:\\\/\\\/www.fazendaboqueiraorn.com.br\\\/#organization\"},\"potentialAction\":[{\"@type\":\"SearchAction\",\"target\":{\"@type\":\"EntryPoint\",\"urlTemplate\":\"https:\\\/\\\/www.fazendaboqueiraorn.com.br\\\/?s={search_term_string}\"},\"query-input\":{\"@type\":\"PropertyValueSpecification\",\"valueRequired\":true,\"valueName\":\"search_term_string\"}}],\"inLanguage\":\"en-US\"},{\"@type\":\"Organization\",\"@id\":\"https:\\\/\\\/www.fazendaboqueiraorn.com.br\\\/#organization\",\"name\":\"Fazenda Boqueir\u00e3o\",\"url\":\"https:\\\/\\\/www.fazendaboqueiraorn.com.br\\\/\",\"logo\":{\"@type\":\"ImageObject\",\"inLanguage\":\"en-US\",\"@id\":\"https:\\\/\\\/www.fazendaboqueiraorn.com.br\\\/#\\\/schema\\\/logo\\\/image\\\/\",\"url\":\"https:\\\/\\\/i0.wp.com\\\/www.fazendaboqueiraorn.com.br\\\/wp-content\\\/uploads\\\/2021\\\/08\\\/logo-fazenda-120x120-1.png?fit=120%2C120&ssl=1\",\"contentUrl\":\"https:\\\/\\\/i0.wp.com\\\/www.fazendaboqueiraorn.com.br\\\/wp-content\\\/uploads\\\/2021\\\/08\\\/logo-fazenda-120x120-1.png?fit=120%2C120&ssl=1\",\"width\":120,\"height\":120,\"caption\":\"Fazenda Boqueir\u00e3o\"},\"image\":{\"@id\":\"https:\\\/\\\/www.fazendaboqueiraorn.com.br\\\/#\\\/schema\\\/logo\\\/image\\\/\"},\"sameAs\":[\"https:\\\/\\\/www.facebook.com\\\/fazboqueirao\",\"https:\\\/\\\/x.com\\\/FazBoqueirao\",\"http:\\\/\\\/instagram.com\\\/fazboqueirao\\\/\",\"https:\\\/\\\/www.linkedin.com\\\/company\\\/fazboqueirao\\\/\",\"https:\\\/\\\/www.youtube.com\\\/channel\\\/UCUA4_8v8HkmMeNUh8c6Ky1Q\"]},{\"@type\":\"Person\",\"@id\":\"https:\\\/\\\/www.fazendaboqueiraorn.com.br\\\/#\\\/schema\\\/person\\\/70484dc96f76e66c6365a9f4a2ebfb02\",\"name\":\"Fazenda Boqueir\u00e3o\",\"image\":{\"@type\":\"ImageObject\",\"inLanguage\":\"en-US\",\"@id\":\"https:\\\/\\\/secure.gravatar.com\\\/avatar\\\/19f19467ae305ded5d913deae2fb6c6f29fe88a0a7f3a4dca5679407289a9efd?s=96&d=mm&r=g\",\"url\":\"https:\\\/\\\/secure.gravatar.com\\\/avatar\\\/19f19467ae305ded5d913deae2fb6c6f29fe88a0a7f3a4dca5679407289a9efd?s=96&d=mm&r=g\",\"contentUrl\":\"https:\\\/\\\/secure.gravatar.com\\\/avatar\\\/19f19467ae305ded5d913deae2fb6c6f29fe88a0a7f3a4dca5679407289a9efd?s=96&d=mm&r=g\",\"caption\":\"Fazenda Boqueir\u00e3o\"},\"url\":\"https:\\\/\\\/www.fazendaboqueiraorn.com.br\\\/en\\\/author\\\/fazenda\\\/\"}]}<\/script>\n<!-- \/ Yoast SEO plugin. -->","yoast_head_json":{"title":"Programa Nacional de Fortalecimento da Agricultura Familiar - Fazenda Boqueir\u00e3o","description":"O Programa Nacional de Fortalecimento da Agricultura Familiar (Pronaf) financia projetos que gerem renda aos agricultores familiares.","robots":{"index":"index","follow":"follow","max-snippet":"max-snippet:-1","max-image-preview":"max-image-preview:large","max-video-preview":"max-video-preview:-1"},"canonical":"https:\/\/www.fazendaboqueiraorn.com.br\/en\/programa-nacional-de-fortalecimento-da-agricultura-familiar\/","og_locale":"en_US","og_type":"article","og_title":"Programa Nacional de Fortalecimento da Agricultura Familiar - Fazenda Boqueir\u00e3o","og_description":"O Programa Nacional de Fortalecimento da Agricultura Familiar (Pronaf) financia projetos que gerem renda aos agricultores familiares.","og_url":"https:\/\/www.fazendaboqueiraorn.com.br\/en\/programa-nacional-de-fortalecimento-da-agricultura-familiar\/","og_site_name":"Fazenda Boqueir\u00e3o","article_publisher":"https:\/\/www.facebook.com\/fazboqueirao","article_published_time":"2022-04-18T22:00:00+00:00","og_image":[{"width":908,"height":587,"url":"https:\/\/i0.wp.com\/www.fazendaboqueiraorn.com.br\/wp-content\/uploads\/2022\/04\/pronaf.jpg?fit=908%2C587&ssl=1","type":"image\/jpeg"}],"author":"Fazenda Boqueir\u00e3o","twitter_card":"summary_large_image","twitter_creator":"@FazBoqueirao","twitter_site":"@FazBoqueirao","twitter_misc":{"Written by":"Fazenda Boqueir\u00e3o","Est. reading time":"8 minutes"},"schema":{"@context":"https:\/\/schema.org","@graph":[{"@type":"Article","@id":"https:\/\/www.fazendaboqueiraorn.com.br\/programa-nacional-de-fortalecimento-da-agricultura-familiar\/#article","isPartOf":{"@id":"https:\/\/www.fazendaboqueiraorn.com.br\/programa-nacional-de-fortalecimento-da-agricultura-familiar\/"},"author":{"name":"Fazenda Boqueir\u00e3o","@id":"https:\/\/www.fazendaboqueiraorn.com.br\/#\/schema\/person\/70484dc96f76e66c6365a9f4a2ebfb02"},"headline":"Programa Nacional de Fortalecimento da Agricultura Familiar","datePublished":"2022-04-18T22:00:00+00:00","mainEntityOfPage":{"@id":"https:\/\/www.fazendaboqueiraorn.com.br\/programa-nacional-de-fortalecimento-da-agricultura-familiar\/"},"wordCount":1442,"commentCount":0,"publisher":{"@id":"https:\/\/www.fazendaboqueiraorn.com.br\/#organization"},"image":{"@id":"https:\/\/www.fazendaboqueiraorn.com.br\/programa-nacional-de-fortalecimento-da-agricultura-familiar\/#primaryimage"},"thumbnailUrl":"https:\/\/i0.wp.com\/www.fazendaboqueiraorn.com.br\/wp-content\/uploads\/2022\/04\/pronaf.jpg?fit=908%2C587&ssl=1","keywords":["Agricultura","DAP","Dia D","gado","governo","pol\u00edtica p\u00fablica","PRONAF","turismo"],"articleSection":["Not\u00edcias"],"inLanguage":"en-US","potentialAction":[{"@type":"CommentAction","name":"Comment","target":["https:\/\/www.fazendaboqueiraorn.com.br\/programa-nacional-de-fortalecimento-da-agricultura-familiar\/#respond"]}]},{"@type":"WebPage","@id":"https:\/\/www.fazendaboqueiraorn.com.br\/programa-nacional-de-fortalecimento-da-agricultura-familiar\/","url":"https:\/\/www.fazendaboqueiraorn.com.br\/programa-nacional-de-fortalecimento-da-agricultura-familiar\/","name":"Programa Nacional de Fortalecimento da Agricultura Familiar - Fazenda Boqueir\u00e3o","isPartOf":{"@id":"https:\/\/www.fazendaboqueiraorn.com.br\/#website"},"primaryImageOfPage":{"@id":"https:\/\/www.fazendaboqueiraorn.com.br\/programa-nacional-de-fortalecimento-da-agricultura-familiar\/#primaryimage"},"image":{"@id":"https:\/\/www.fazendaboqueiraorn.com.br\/programa-nacional-de-fortalecimento-da-agricultura-familiar\/#primaryimage"},"thumbnailUrl":"https:\/\/i0.wp.com\/www.fazendaboqueiraorn.com.br\/wp-content\/uploads\/2022\/04\/pronaf.jpg?fit=908%2C587&ssl=1","datePublished":"2022-04-18T22:00:00+00:00","description":"O Programa Nacional de Fortalecimento da Agricultura Familiar (Pronaf) financia projetos que gerem renda aos agricultores familiares.","breadcrumb":{"@id":"https:\/\/www.fazendaboqueiraorn.com.br\/programa-nacional-de-fortalecimento-da-agricultura-familiar\/#breadcrumb"},"inLanguage":"en-US","potentialAction":[{"@type":"ReadAction","target":["https:\/\/www.fazendaboqueiraorn.com.br\/programa-nacional-de-fortalecimento-da-agricultura-familiar\/"]}]},{"@type":"ImageObject","inLanguage":"en-US","@id":"https:\/\/www.fazendaboqueiraorn.com.br\/programa-nacional-de-fortalecimento-da-agricultura-familiar\/#primaryimage","url":"https:\/\/i0.wp.com\/www.fazendaboqueiraorn.com.br\/wp-content\/uploads\/2022\/04\/pronaf.jpg?fit=908%2C587&ssl=1","contentUrl":"https:\/\/i0.wp.com\/www.fazendaboqueiraorn.com.br\/wp-content\/uploads\/2022\/04\/pronaf.jpg?fit=908%2C587&ssl=1","width":908,"height":587,"caption":"PRONAF"},{"@type":"BreadcrumbList","@id":"https:\/\/www.fazendaboqueiraorn.com.br\/programa-nacional-de-fortalecimento-da-agricultura-familiar\/#breadcrumb","itemListElement":[{"@type":"ListItem","position":1,"name":"Home","item":"https:\/\/www.fazendaboqueiraorn.com.br\/"},{"@type":"ListItem","position":2,"name":"Programa Nacional de Fortalecimento da Agricultura Familiar"}]},{"@type":"WebSite","@id":"https:\/\/www.fazendaboqueiraorn.com.br\/#website","url":"https:\/\/www.fazendaboqueiraorn.com.br\/","name":"Fazenda Boqueir\u00e3o","description":"","publisher":{"@id":"https:\/\/www.fazendaboqueiraorn.com.br\/#organization"},"potentialAction":[{"@type":"SearchAction","target":{"@type":"EntryPoint","urlTemplate":"https:\/\/www.fazendaboqueiraorn.com.br\/?s={search_term_string}"},"query-input":{"@type":"PropertyValueSpecification","valueRequired":true,"valueName":"search_term_string"}}],"inLanguage":"en-US"},{"@type":"Organization","@id":"https:\/\/www.fazendaboqueiraorn.com.br\/#organization","name":"Fazenda Boqueir\u00e3o","url":"https:\/\/www.fazendaboqueiraorn.com.br\/","logo":{"@type":"ImageObject","inLanguage":"en-US","@id":"https:\/\/www.fazendaboqueiraorn.com.br\/#\/schema\/logo\/image\/","url":"https:\/\/i0.wp.com\/www.fazendaboqueiraorn.com.br\/wp-content\/uploads\/2021\/08\/logo-fazenda-120x120-1.png?fit=120%2C120&ssl=1","contentUrl":"https:\/\/i0.wp.com\/www.fazendaboqueiraorn.com.br\/wp-content\/uploads\/2021\/08\/logo-fazenda-120x120-1.png?fit=120%2C120&ssl=1","width":120,"height":120,"caption":"Fazenda Boqueir\u00e3o"},"image":{"@id":"https:\/\/www.fazendaboqueiraorn.com.br\/#\/schema\/logo\/image\/"},"sameAs":["https:\/\/www.facebook.com\/fazboqueirao","https:\/\/x.com\/FazBoqueirao","http:\/\/instagram.com\/fazboqueirao\/","https:\/\/www.linkedin.com\/company\/fazboqueirao\/","https:\/\/www.youtube.com\/channel\/UCUA4_8v8HkmMeNUh8c6Ky1Q"]},{"@type":"Person","@id":"https:\/\/www.fazendaboqueiraorn.com.br\/#\/schema\/person\/70484dc96f76e66c6365a9f4a2ebfb02","name":"Fazenda Boqueir\u00e3o","image":{"@type":"ImageObject","inLanguage":"en-US","@id":"https:\/\/secure.gravatar.com\/avatar\/19f19467ae305ded5d913deae2fb6c6f29fe88a0a7f3a4dca5679407289a9efd?s=96&d=mm&r=g","url":"https:\/\/secure.gravatar.com\/avatar\/19f19467ae305ded5d913deae2fb6c6f29fe88a0a7f3a4dca5679407289a9efd?s=96&d=mm&r=g","contentUrl":"https:\/\/secure.gravatar.com\/avatar\/19f19467ae305ded5d913deae2fb6c6f29fe88a0a7f3a4dca5679407289a9efd?s=96&d=mm&r=g","caption":"Fazenda Boqueir\u00e3o"},"url":"https:\/\/www.fazendaboqueiraorn.com.br\/en\/author\/fazenda\/"}]}},"jetpack_publicize_connections":[],"uagb_featured_image_src":{"full":["https:\/\/i0.wp.com\/www.fazendaboqueiraorn.com.br\/wp-content\/uploads\/2022\/04\/pronaf.jpg?fit=908%2C587&ssl=1",908,587,false],"thumbnail":["https:\/\/i0.wp.com\/www.fazendaboqueiraorn.com.br\/wp-content\/uploads\/2022\/04\/pronaf.jpg?resize=150%2C150&ssl=1",150,150,true],"medium":["https:\/\/i0.wp.com\/www.fazendaboqueiraorn.com.br\/wp-content\/uploads\/2022\/04\/pronaf.jpg?fit=300%2C194&ssl=1",300,194,true],"medium_large":["https:\/\/i0.wp.com\/www.fazendaboqueiraorn.com.br\/wp-content\/uploads\/2022\/04\/pronaf.jpg?fit=768%2C496&ssl=1",768,496,true],"large":["https:\/\/i0.wp.com\/www.fazendaboqueiraorn.com.br\/wp-content\/uploads\/2022\/04\/pronaf.jpg?fit=908%2C587&ssl=1",908,587,true],"1536x1536":["https:\/\/i0.wp.com\/www.fazendaboqueiraorn.com.br\/wp-content\/uploads\/2022\/04\/pronaf.jpg?fit=908%2C587&ssl=1",908,587,true],"2048x2048":["https:\/\/i0.wp.com\/www.fazendaboqueiraorn.com.br\/wp-content\/uploads\/2022\/04\/pronaf.jpg?fit=908%2C587&ssl=1",908,587,true],"trp-custom-language-flag":["https:\/\/i0.wp.com\/www.fazendaboqueiraorn.com.br\/wp-content\/uploads\/2022\/04\/pronaf.jpg?fit=18%2C12&ssl=1",18,12,true],"ultp_layout_landscape_large":["https:\/\/i0.wp.com\/www.fazendaboqueiraorn.com.br\/wp-content\/uploads\/2022\/04\/pronaf.jpg?resize=908%2C587&ssl=1",908,587,true],"ultp_layout_landscape":["https:\/\/i0.wp.com\/www.fazendaboqueiraorn.com.br\/wp-content\/uploads\/2022\/04\/pronaf.jpg?resize=870%2C570&ssl=1",870,570,true],"ultp_layout_portrait":["https:\/\/i0.wp.com\/www.fazendaboqueiraorn.com.br\/wp-content\/uploads\/2022\/04\/pronaf.jpg?resize=600%2C587&ssl=1",600,587,true],"ultp_layout_square":["https:\/\/i0.wp.com\/www.fazendaboqueiraorn.com.br\/wp-content\/uploads\/2022\/04\/pronaf.jpg?resize=600%2C587&ssl=1",600,587,true],"woocommerce_thumbnail":["https:\/\/www.fazendaboqueiraorn.com.br\/wp-content\/uploads\/2022\/04\/pronaf-300x300.jpg",300,300,true],"woocommerce_single":["https:\/\/www.fazendaboqueiraorn.com.br\/wp-content\/uploads\/2022\/04\/pronaf.jpg",600,388,false],"woocommerce_gallery_thumbnail":["https:\/\/www.fazendaboqueiraorn.com.br\/wp-content\/uploads\/2022\/04\/pronaf-100x100.jpg",100,100,true],"web-stories-poster-portrait":["https:\/\/www.fazendaboqueiraorn.com.br\/wp-content\/uploads\/2022\/04\/pronaf.jpg",640,414,false],"web-stories-publisher-logo":["https:\/\/www.fazendaboqueiraorn.com.br\/wp-content\/uploads\/2022\/04\/pronaf.jpg",96,62,false],"web-stories-thumbnail":["https:\/\/www.fazendaboqueiraorn.com.br\/wp-content\/uploads\/2022\/04\/pronaf.jpg",150,97,false]},"uagb_author_info":{"display_name":"Fazenda Boqueir\u00e3o","author_link":"https:\/\/www.fazendaboqueiraorn.com.br\/en\/author\/fazenda\/"},"uagb_comment_info":0,"uagb_excerpt":"O Programa Nacional de Fortalecimento da Agricultura Familiar (Pronaf) financia projetos individuais ou coletivos, que gerem renda aos agricultores familiares e assentados da reforma agr\u00e1ria.","jetpack_featured_media_url":"https:\/\/i0.wp.com\/www.fazendaboqueiraorn.com.br\/wp-content\/uploads\/2022\/04\/pronaf.jpg?fit=908%2C587&ssl=1","jetpack_sharing_enabled":true,"jetpack_likes_enabled":true,"_links":{"self":[{"href":"https:\/\/www.fazendaboqueiraorn.com.br\/en\/wp-json\/wp\/v2\/posts\/1528","targetHints":{"allow":["GET"]}}],"collection":[{"href":"https:\/\/www.fazendaboqueiraorn.com.br\/en\/wp-json\/wp\/v2\/posts"}],"about":[{"href":"https:\/\/www.fazendaboqueiraorn.com.br\/en\/wp-json\/wp\/v2\/types\/post"}],"author":[{"embeddable":true,"href":"https:\/\/www.fazendaboqueiraorn.com.br\/en\/wp-json\/wp\/v2\/users\/2"}],"replies":[{"embeddable":true,"href":"https:\/\/www.fazendaboqueiraorn.com.br\/en\/wp-json\/wp\/v2\/comments?post=1528"}],"version-history":[{"count":13,"href":"https:\/\/www.fazendaboqueiraorn.com.br\/en\/wp-json\/wp\/v2\/posts\/1528\/revisions"}],"predecessor-version":[{"id":1549,"href":"https:\/\/www.fazendaboqueiraorn.com.br\/en\/wp-json\/wp\/v2\/posts\/1528\/revisions\/1549"}],"wp:featuredmedia":[{"embeddable":true,"href":"https:\/\/www.fazendaboqueiraorn.com.br\/en\/wp-json\/wp\/v2\/media\/1543"}],"wp:attachment":[{"href":"https:\/\/www.fazendaboqueiraorn.com.br\/en\/wp-json\/wp\/v2\/media?parent=1528"}],"wp:term":[{"taxonomy":"category","embeddable":true,"href":"https:\/\/www.fazendaboqueiraorn.com.br\/en\/wp-json\/wp\/v2\/categories?post=1528"},{"taxonomy":"post_tag","embeddable":true,"href":"https:\/\/www.fazendaboqueiraorn.com.br\/en\/wp-json\/wp\/v2\/tags?post=1528"}],"curies":[{"name":"wp","href":"https:\/\/api.w.org\/{rel}","templated":true}]}}