{"id":5725,"date":"2024-09-11T21:46:00","date_gmt":"2024-09-12T00:46:00","guid":{"rendered":"https:\/\/www.fazendaboqueiraorn.com.br\/?post_type=web-story&#038;p=5725"},"modified":"2024-09-11T21:46:04","modified_gmt":"2024-09-12T00:46:04","slug":"titulo-do-web-story","status":"publish","type":"web-story","link":"https:\/\/www.fazendaboqueiraorn.com.br\/en\/web-stories\/titulo-do-web-story\/","title":{"rendered":"Revolu\u00e7\u00e3o Verde: Palma Forrageira Transforma a Agricultura Familiar no RN!"},"content":{"rendered":"<p><html amp=\"\" lang=\"en\"><head><meta charSet=\"utf-8\"\/><meta name=\"viewport\" content=\"width=device-width,minimum-scale=1,initial-scale=1\"\/><script async=\"\" src=\"https:\/\/cdn.ampproject.org\/v0.js\"><\/script><script async=\"\" src=\"https:\/\/cdn.ampproject.org\/v0\/amp-story-1.0.js\" custom-element=\"amp-story\"><\/script><link href=\"https:\/\/fonts.googleapis.com\/css2?display=swap&amp;family=Roboto%3Awght%40400%3B700\" rel=\"stylesheet\"\/>\n<style amp-boilerplate=\"\">body{-webkit-animation:-amp-start 8s steps(1,end) 0s 1 normal both;-moz-animation:-amp-start 8s steps(1,end) 0s 1 normal both;-ms-animation:-amp-start 8s steps(1,end) 0s 1 normal both;animation:-amp-start 8s steps(1,end) 0s 1 normal both}@-webkit-keyframes -amp-start{from{visibility:hidden}to{visibility:visible}}@-moz-keyframes -amp-start{from{visibility:hidden}to{visibility:visible}}@-ms-keyframes -amp-start{from{visibility:hidden}to{visibility:visible}}@-o-keyframes -amp-start{from{visibility:hidden}to{visibility:visible}}@keyframes -amp-start{from{visibility:hidden}to{visibility:visible}}<\/style>\n<p><noscript><\/p>\n<style amp-boilerplate=\"\">body{-webkit-animation:none;-moz-animation:none;-ms-animation:none;animation:none}<\/style>\n<p><\/noscript><\/p>\n<style amp-custom=\"\">\n              h1, h2, h3 { font-weight: normal; }<\/p>\n<p>              amp-story-page {\n                background-color: #131516;\n              }<\/p>\n<p>              amp-story-grid-layer {\n                overflow: visible;\n              }<\/p>\n<p>              @media (max-aspect-ratio: 9 \/ 16)  {\n                @media (min-aspect-ratio: 320 \/ 678) {\n                  amp-story-grid-layer.grid-layer {\n                    margin-top: calc((100% \/ 0.5625 - 100% \/ 0.6666666666666666) \/ 2);\n                  }\n                }\n              }<\/p>\n<p>              @media not all and (min-resolution:.001dpcm) {\n                @media {\n                  p.text-wrapper > span {\n                    font-size: calc(100% - 0.5px);\n                  }\n                }\n              }<\/p>\n<p>              .page-fullbleed-area,\n              .page-background-overlay-area {\n                position: absolute;\n                overflow: hidden;\n                width: 100%;\n                left: 0;\n                height: calc(1.1851851851851851 * 100%);\n                top: calc((1 - 1.1851851851851851) * 100% \/ 2);\n              }<\/p>\n<p>              .element-overlay-area {\n                position: absolute;\n                width: 100%;\n                height: 100%;\n                top: 0;\n                left: 0;\n              }<\/p>\n<p>              .page-safe-area {\n                overflow: visible;\n                position: absolute;\n                top: 0;\n                bottom: 0;\n                left: 0;\n                right: 0;\n                width: 100%;\n                height: calc(0.84375 * 100%);\n                margin: auto 0;\n              }<\/p>\n<p>              .mask {\n                position: absolute;\n                overflow: hidden;\n              }<\/p>\n<p>              .fill {\n                position: absolute;\n                top: 0;\n                left: 0;\n                right: 0;\n                bottom: 0;\n                margin: 0;\n              }<\/p>\n<p>              @media (prefers-reduced-motion: no-preference) {\n                .animation-wrapper {\n                  opacity: var(--initial-opacity);\n                  transform: var(--initial-transform);\n                }\n              }<\/p>\n<p>              amp-story-grid-layer.align-bottom {\n                align-content: end;\n                padding: 0;\n                \/*\n                  AMP CTA Layer will exactly occupy 74px regardless of any device.\n                  To space out captions 74px from the BOTTOM (AMP CTA Layer),\n                  74px from the TOP should also be spaced out and thus: 2 * 74px\n                  will be the desired max-height.\n                *\/\n                max-height: calc(100vh - (2 * 74px));\n              }<\/p>\n<p>              .captions-area {\n                padding: 0 32px 0;\n              }<\/p>\n<p>              amp-story-captions {\n                margin-bottom: 16px;\n                text-align: center;\n              }<\/p>\n<p>              amp-story-audio-sticker {\n                height: 100%;\n              }<\/p>\n<p>              .audio-sticker {\n                font-family: -apple-system, BlinkMacSystemFont, 'Segoe UI', Roboto, Oxygen-Sans, Ubuntu, Cantarell, 'Helvetica Neue', sans-serif;\n              }\n              <\/style>\n<p><meta name=\"web-stories-replace-head-start\"\/><title>Revolu\u00e7\u00e3o Verde: Palma Forrageira Transforma a Agricultura Familiar no RN!<\/title><link rel=\"canonical\" href=\"https:\/\/www.fazendaboqueiraorn.com.br\/?post_type=web-story&amp;p=5725\"\/><meta name=\"web-stories-replace-head-end\"\/><\/head><body><amp-story standalone=\"\" publisher=\"Fazenda Boqueir\u00e3o\" publisher-logo-src=\"https:\/\/www.fazendaboqueiraorn.com.br\/wp-content\/uploads\/2023\/11\/Logo-fazenda.png\" title=\"Revolu\u00e7\u00e3o Verde: Palma Forrageira Transforma a Agricultura Familiar no RN!\" poster-portrait-src=\"https:\/\/www.fazendaboqueiraorn.com.br\/wp-content\/uploads\/2024\/09\/cropped-raquetes-de-palma.jpg\"><amp-story-page id=\"1ba6321b-2969-41cc-bb8b-1771d4064beb\" auto-advance-after=\"7s\"><amp-story-grid-layer template=\"vertical\" aspect-ratio=\"412:618\" class=\"grid-layer\"><\/p>\n<div class=\"page-fullbleed-area\" style=\"background-color:#fff\">\n<div class=\"page-safe-area\">\n<div style=\"position:absolute;pointer-events:none;left:0;top:-9.25926%;width:100%;height:118.51852%;opacity:1\">\n<div style=\"pointer-events:initial;width:100%;height:100%;display:block;position:absolute;top:0;left:0;z-index:0\" class=\"mask\" id=\"el-f0a514f2-a28d-492e-8dc7-a4bc06d01c69\">\n<div class=\"fill\" style=\"will-change:transform\"><\/div>\n<\/div>\n<\/div>\n<\/div>\n<\/div>\n<p><\/amp-story-grid-layer><amp-story-grid-layer template=\"vertical\" aspect-ratio=\"412:618\" class=\"grid-layer\"><\/p>\n<div class=\"page-fullbleed-area\">\n<div class=\"page-safe-area\">\n<div style=\"position:absolute;pointer-events:none;left:-26.69903%;top:-10.03236%;width:126.69903%;height:87.37864%;opacity:1\">\n<div style=\"pointer-events:initial;width:100%;height:100%;display:block;position:absolute;top:0;left:0;z-index:0\" class=\"mask\" id=\"el-b96d9aee-8b4f-4bb3-b7e5-06c5db9fdbeb\">\n<div style=\"position:absolute;width:183.74471%;height:100%;left:-41.87236%;top:0%\" data-leaf-element=\"true\"><amp-img data-recalc-dims=\"1\" layout=\"fill\" src=\"https:\/\/i0.wp.com\/www.fazendaboqueiraorn.com.br\/wp-content\/uploads\/2024\/09\/agricultor-com-palma-scaled.jpg?ssl=1\" alt=\"agricultor-com-palma\" srcSet=\"https:\/\/www.fazendaboqueiraorn.com.br\/wp-content\/uploads\/2024\/09\/agricultor-com-palma-1024x576.jpg 1024w,https:\/\/www.fazendaboqueiraorn.com.br\/wp-content\/uploads\/2024\/09\/agricultor-com-palma-scaled.jpg 1000w,https:\/\/www.fazendaboqueiraorn.com.br\/wp-content\/uploads\/2024\/09\/agricultor-com-palma-768x432.jpg 768w,https:\/\/www.fazendaboqueiraorn.com.br\/wp-content\/uploads\/2024\/09\/agricultor-com-palma-600x338.jpg 600w,https:\/\/www.fazendaboqueiraorn.com.br\/wp-content\/uploads\/2024\/09\/agricultor-com-palma-300x169.jpg 300w,https:\/\/www.fazendaboqueiraorn.com.br\/wp-content\/uploads\/2024\/09\/agricultor-com-palma-150x84.jpg 150w\" sizes=\"(min-width: 1024px) 57vh, 127vw\" disable-inline-width=\"true\"><\/amp-img><\/div>\n<\/div>\n<\/div>\n<div style=\"position:absolute;pointer-events:none;left:0;top:77.34628%;width:100%;height:32.03883%;opacity:1\">\n<div style=\"pointer-events:initial;width:100%;height:100%;display:block;position:absolute;top:0;left:0;z-index:0\" class=\"mask\" id=\"el-2f13a30c-31b7-407d-9923-21c096b85e93\">\n<div class=\"fill\" style=\"background-color:#636c53;will-change:transform\"><\/div>\n<\/div>\n<\/div>\n<div style=\"position:absolute;pointer-events:none;left:8.00971%;top:79.93528%;width:81.79612%;height:4.69256%;opacity:1\">\n<div style=\"pointer-events:initial;width:100%;height:100%;display:block;position:absolute;top:0;left:0;z-index:0;border-radius:0.5934718100890208% 0.5934718100890208% 0.5934718100890208% 0.5934718100890208% \/ 6.896551724137931% 6.896551724137931% 6.896551724137931% 6.896551724137931%\" id=\"el-7ed6c05e-9b43-4912-969e-6ce24ad55a21\">\n<h3 class=\"fill text-wrapper\" style=\"white-space:pre-line;overflow-wrap:break-word;word-break:break-word;margin:-0.06722922848664689% 0;font-family:&quot;Roboto&quot;,&quot;Helvetica Neue&quot;,&quot;Helvetica&quot;,sans-serif;font-size:0.404531em;line-height:1.19;text-align:center;padding:0;color:#000000\"><span><span style=\"font-weight: 700; color: #1b271b\">Revolu\u00e7\u00e3o Verde no Campo!<\/span><\/span><\/h3>\n<\/div>\n<\/div>\n<div style=\"position:absolute;pointer-events:none;left:11.65049%;top:86.24595%;width:76.69903%;height:10.35599%;opacity:1\">\n<div style=\"pointer-events:initial;width:100%;height:100%;display:block;position:absolute;top:0;left:0;z-index:0;border-radius:0.6329113924050633% 0.6329113924050633% 0.6329113924050633% 0.6329113924050633% \/ 3.125% 3.125% 3.125% 3.125%\" id=\"el-69f9d5c0-0cf9-44cb-948f-183be3d8b62f\">\n<p class=\"fill text-wrapper\" style=\"white-space:pre-line;overflow-wrap:break-word;word-break:break-word;margin:-0.08010284810126549% 0;font-family:&quot;Roboto&quot;,&quot;Helvetica Neue&quot;,&quot;Helvetica&quot;,sans-serif;font-size:0.291262em;line-height:1.2;text-align:justify;padding:0;color:#000000\"><span>A Fazenda Boqueir\u00e3o celebra uma grande conquista para a agricultura familiar do Rio Grande do Norte!<\/span><\/p>\n<\/div>\n<\/div>\n<\/div>\n<\/div>\n<p><\/amp-story-grid-layer><\/amp-story-page><amp-story-page id=\"b0e90aa0-e2a7-457f-bca2-9205594b59c8\" auto-advance-after=\"7s\"><amp-story-grid-layer template=\"vertical\" aspect-ratio=\"412:618\" class=\"grid-layer\"><\/p>\n<div class=\"page-fullbleed-area\" style=\"background-color:#fff\">\n<div class=\"page-safe-area\">\n<div style=\"position:absolute;pointer-events:none;left:0;top:-9.25926%;width:100%;height:118.51852%;opacity:1\">\n<div style=\"pointer-events:initial;width:100%;height:100%;display:block;position:absolute;top:0;left:0;z-index:0\" class=\"mask\" id=\"el-70902853-d9ec-4df4-8b86-b12f362ad306\">\n<div class=\"fill\" style=\"will-change:transform\"><\/div>\n<\/div>\n<\/div>\n<\/div>\n<\/div>\n<p><\/amp-story-grid-layer><amp-story-grid-layer template=\"vertical\" aspect-ratio=\"412:618\" class=\"grid-layer\"><\/p>\n<div class=\"page-fullbleed-area\">\n<div class=\"page-safe-area\">\n<div style=\"position:absolute;pointer-events:none;left:0;top:77.34628%;width:100%;height:32.03883%;opacity:1\">\n<div style=\"pointer-events:initial;width:100%;height:100%;display:block;position:absolute;top:0;left:0;z-index:0\" class=\"mask\" id=\"el-1a90691a-0aa6-4a07-9e45-e28ce612311d\">\n<div class=\"fill\" style=\"background-color:#636c53;will-change:transform\"><\/div>\n<\/div>\n<\/div>\n<div style=\"position:absolute;pointer-events:none;left:8.98058%;top:79.93528%;width:81.79612%;height:4.36893%;opacity:1\">\n<div style=\"pointer-events:initial;width:100%;height:100%;display:block;position:absolute;top:0;left:0;z-index:0;border-radius:0.5934718100890208% 0.5934718100890208% 0.5934718100890208% 0.5934718100890208% \/ 7.4074074074074066% 7.4074074074074066% 7.4074074074074066% 7.4074074074074066%\" id=\"el-40738a19-ca57-4388-8c96-b0d92565cb7d\">\n<h3 class=\"fill text-wrapper\" style=\"white-space:pre-line;overflow-wrap:break-word;word-break:break-word;margin:-0.09597551928783352% 0;font-family:&quot;Roboto&quot;,&quot;Helvetica Neue&quot;,&quot;Helvetica&quot;,sans-serif;font-size:0.372168em;line-height:1.2;text-align:center;padding:0;color:#000000\"><span><span style=\"font-weight: 700; color: #1b271b\">A Amea\u00e7a Silenciosa<\/span><\/span><\/h3>\n<\/div>\n<\/div>\n<div style=\"position:absolute;pointer-events:none;left:11.65049%;top:86.24595%;width:76.69903%;height:13.91586%;opacity:1\">\n<div style=\"pointer-events:initial;width:100%;height:100%;display:block;position:absolute;top:0;left:0;z-index:0;border-radius:0.6329113924050633% 0.6329113924050633% 0.6329113924050633% 0.6329113924050633% \/ 2.3255813953488373% 2.3255813953488373% 2.3255813953488373% 2.3255813953488373%\" id=\"el-85964597-04c9-46b8-b01a-82f2d9d0bc5b\">\n<p class=\"fill text-wrapper\" style=\"white-space:pre-line;overflow-wrap:break-word;word-break:break-word;margin:-0.08010284810126549% 0;font-family:&quot;Roboto&quot;,&quot;Helvetica Neue&quot;,&quot;Helvetica&quot;,sans-serif;font-size:0.291262em;line-height:1.2;text-align:justify;padding:0;color:#000000\"><span>A cochonilha-do-carmim devastava as planta\u00e7\u00f5es de palma, colocando em risco a subsist\u00eancia de milhares de fam\u00edlias.<\/span><\/p>\n<\/div>\n<\/div>\n<div style=\"position:absolute;pointer-events:none;left:-29.85437%;top:-10.67961%;width:129.85437%;height:88.02589%;opacity:1\">\n<div style=\"pointer-events:initial;width:100%;height:100%;display:block;position:absolute;top:0;left:0;z-index:0\" class=\"mask\" id=\"el-ba593fe8-0a3f-4e97-b5a9-c0eb67a055b9\">\n<div style=\"position:absolute;width:151.24165%;height:100%;left:-25.62083%;top:0%\" data-leaf-element=\"true\"><amp-img data-recalc-dims=\"1\" layout=\"fill\" src=\"https:\/\/i0.wp.com\/www.fazendaboqueiraorn.com.br\/wp-content\/uploads\/2024\/09\/palma-com-cochonilha-do-carmim.jpg?ssl=1\" alt=\"palma atacada pela cochonilha-do-carmim\" srcSet=\"https:\/\/www.fazendaboqueiraorn.com.br\/wp-content\/uploads\/2024\/09\/palma-com-cochonilha-do-carmim.jpg 708w,https:\/\/www.fazendaboqueiraorn.com.br\/wp-content\/uploads\/2024\/09\/palma-com-cochonilha-do-carmim-600x403.jpg 600w,https:\/\/www.fazendaboqueiraorn.com.br\/wp-content\/uploads\/2024\/09\/palma-com-cochonilha-do-carmim-300x202.jpg 300w,https:\/\/www.fazendaboqueiraorn.com.br\/wp-content\/uploads\/2024\/09\/palma-com-cochonilha-do-carmim-150x101.jpg 150w\" sizes=\"(min-width: 1024px) 58vh, 130vw\" disable-inline-width=\"true\"><\/amp-img><\/div>\n<\/div>\n<\/div>\n<\/div>\n<\/div>\n<p><\/amp-story-grid-layer><\/amp-story-page><amp-story-page id=\"d38338b2-6d5e-4512-8aca-f6a932e80032\" auto-advance-after=\"7s\"><amp-story-grid-layer template=\"vertical\" aspect-ratio=\"412:618\" class=\"grid-layer\"><\/p>\n<div class=\"page-fullbleed-area\" style=\"background-color:#fff\">\n<div class=\"page-safe-area\">\n<div style=\"position:absolute;pointer-events:none;left:0;top:-9.25926%;width:100%;height:118.51852%;opacity:1\">\n<div style=\"pointer-events:initial;width:100%;height:100%;display:block;position:absolute;top:0;left:0;z-index:0\" class=\"mask\" id=\"el-45b5665e-b541-4899-b501-83cc55dfaa8a\">\n<div class=\"fill\" style=\"will-change:transform\"><\/div>\n<\/div>\n<\/div>\n<\/div>\n<\/div>\n<p><\/amp-story-grid-layer><amp-story-grid-layer template=\"vertical\" aspect-ratio=\"412:618\" class=\"grid-layer\"><\/p>\n<div class=\"page-fullbleed-area\">\n<div class=\"page-safe-area\">\n<div style=\"position:absolute;pointer-events:none;left:0;top:77.34628%;width:100%;height:32.03883%;opacity:1\">\n<div style=\"pointer-events:initial;width:100%;height:100%;display:block;position:absolute;top:0;left:0;z-index:0\" class=\"mask\" id=\"el-60a2d570-4be1-4c4c-9630-c4093aad3d74\">\n<div class=\"fill\" style=\"background-color:#636c53;will-change:transform\"><\/div>\n<\/div>\n<\/div>\n<div style=\"position:absolute;pointer-events:none;left:8.98058%;top:79.93528%;width:81.79612%;height:4.36893%;opacity:1\">\n<div style=\"pointer-events:initial;width:100%;height:100%;display:block;position:absolute;top:0;left:0;z-index:0;border-radius:0.5934718100890208% 0.5934718100890208% 0.5934718100890208% 0.5934718100890208% \/ 7.4074074074074066% 7.4074074074074066% 7.4074074074074066% 7.4074074074074066%\" id=\"el-ac213cb0-626f-47ca-a0d8-9d8509d32a62\">\n<h3 class=\"fill text-wrapper\" style=\"white-space:pre-line;overflow-wrap:break-word;word-break:break-word;margin:-0.09597551928783352% 0;font-family:&quot;Roboto&quot;,&quot;Helvetica Neue&quot;,&quot;Helvetica&quot;,sans-serif;font-size:0.372168em;line-height:1.2;text-align:center;padding:0;color:#000000\"><span><span style=\"font-weight: 700; color: #1b271b\">A Esperan\u00e7a Renovou!<\/span><\/span><\/h3>\n<\/div>\n<\/div>\n<div style=\"position:absolute;pointer-events:none;left:11.65049%;top:86.24595%;width:76.69903%;height:13.91586%;opacity:1\">\n<div style=\"pointer-events:initial;width:100%;height:100%;display:block;position:absolute;top:0;left:0;z-index:0;border-radius:0.6329113924050633% 0.6329113924050633% 0.6329113924050633% 0.6329113924050633% \/ 2.3255813953488373% 2.3255813953488373% 2.3255813953488373% 2.3255813953488373%\" id=\"el-a974af68-43fe-4097-9d1a-0f4952f97102\">\n<p class=\"fill text-wrapper\" style=\"white-space:pre-line;overflow-wrap:break-word;word-break:break-word;margin:-0.08010284810126549% 0;font-family:&quot;Roboto&quot;,&quot;Helvetica Neue&quot;,&quot;Helvetica&quot;,sans-serif;font-size:0.291262em;line-height:1.2;text-align:justify;padding:0;color:#000000\"><span>A EMPARN, em parceria com o Governo Federal, trouxe a solu\u00e7\u00e3o: raquetes de palma forrageira resistentes \u00e0 praga!<\/span><\/p>\n<\/div>\n<\/div>\n<div style=\"position:absolute;pointer-events:none;left:-48.30097%;top:-9.54693%;width:148.30097%;height:86.8932%;opacity:1\">\n<div style=\"pointer-events:initial;width:100%;height:100%;display:block;position:absolute;top:0;left:0;z-index:0\" class=\"mask\" id=\"el-270634cc-ce60-46ac-b501-517f6221bf60\">\n<div style=\"position:absolute;width:117.18494%;height:100%;left:-8.59247%;top:0%\" data-leaf-element=\"true\"><amp-img data-recalc-dims=\"1\" layout=\"fill\" src=\"https:\/\/i0.wp.com\/www.fazendaboqueiraorn.com.br\/wp-content\/uploads\/2024\/09\/campo-de-palma.jpeg?ssl=1\" alt=\"campo de palma forrageira\" srcSet=\"https:\/\/www.fazendaboqueiraorn.com.br\/wp-content\/uploads\/2024\/09\/campo-de-palma.jpeg 768w,https:\/\/www.fazendaboqueiraorn.com.br\/wp-content\/uploads\/2024\/09\/campo-de-palma-600x450.jpeg 600w,https:\/\/www.fazendaboqueiraorn.com.br\/wp-content\/uploads\/2024\/09\/campo-de-palma-300x225.jpeg 300w,https:\/\/www.fazendaboqueiraorn.com.br\/wp-content\/uploads\/2024\/09\/campo-de-palma-150x113.jpeg 150w,https:\/\/www.fazendaboqueiraorn.com.br\/wp-content\/uploads\/2024\/09\/campo-de-palma-16x12.jpeg 16w\" sizes=\"(min-width: 1024px) 67vh, 148vw\" disable-inline-width=\"true\"><\/amp-img><\/div>\n<\/div>\n<\/div>\n<\/div>\n<\/div>\n<p><\/amp-story-grid-layer><\/amp-story-page><amp-story-page id=\"8e9bae94-3a7d-413c-8e32-f4c736884f67\" auto-advance-after=\"7s\"><amp-story-grid-layer template=\"vertical\" aspect-ratio=\"412:618\" class=\"grid-layer\"><\/p>\n<div class=\"page-fullbleed-area\" style=\"background-color:#fff\">\n<div class=\"page-safe-area\">\n<div style=\"position:absolute;pointer-events:none;left:0;top:-9.25926%;width:100%;height:118.51852%;opacity:1\">\n<div style=\"pointer-events:initial;width:100%;height:100%;display:block;position:absolute;top:0;left:0;z-index:0\" class=\"mask\" id=\"el-fa1695b3-dfd0-4e7f-b5fb-80aacb9bfb0c\">\n<div class=\"fill\" style=\"will-change:transform\"><\/div>\n<\/div>\n<\/div>\n<\/div>\n<\/div>\n<p><\/amp-story-grid-layer><amp-story-grid-layer template=\"vertical\" aspect-ratio=\"412:618\" class=\"grid-layer\"><\/p>\n<div class=\"page-fullbleed-area\">\n<div class=\"page-safe-area\">\n<div style=\"position:absolute;pointer-events:none;left:0;top:77.34628%;width:100%;height:32.03883%;opacity:1\">\n<div style=\"pointer-events:initial;width:100%;height:100%;display:block;position:absolute;top:0;left:0;z-index:0\" class=\"mask\" id=\"el-75ffd3b3-10cf-46df-8020-a789cfcc5d71\">\n<div class=\"fill\" style=\"background-color:#636c53;will-change:transform\"><\/div>\n<\/div>\n<\/div>\n<div style=\"position:absolute;pointer-events:none;left:8.98058%;top:79.93528%;width:81.79612%;height:4.36893%;opacity:1\">\n<div style=\"pointer-events:initial;width:100%;height:100%;display:block;position:absolute;top:0;left:0;z-index:0;border-radius:0.5934718100890208% 0.5934718100890208% 0.5934718100890208% 0.5934718100890208% \/ 7.4074074074074066% 7.4074074074074066% 7.4074074074074066% 7.4074074074074066%\" id=\"el-a6cb8ace-5a3c-4d74-bb0b-57185665e3a5\">\n<h3 class=\"fill text-wrapper\" style=\"white-space:pre-line;overflow-wrap:break-word;word-break:break-word;margin:-0.09597551928783352% 0;font-family:&quot;Roboto&quot;,&quot;Helvetica Neue&quot;,&quot;Helvetica&quot;,sans-serif;font-size:0.372168em;line-height:1.2;text-align:center;padding:0;color:#000000\"><span><span style=\"font-weight: 700; color: #1b271b\">A Vida no Campo Florescendo!<\/span><\/span><\/h3>\n<\/div>\n<\/div>\n<div style=\"position:absolute;pointer-events:none;left:11.65049%;top:86.24595%;width:76.69903%;height:10.35599%;opacity:1\">\n<div style=\"pointer-events:initial;width:100%;height:100%;display:block;position:absolute;top:0;left:0;z-index:0;border-radius:0.6329113924050633% 0.6329113924050633% 0.6329113924050633% 0.6329113924050633% \/ 3.125% 3.125% 3.125% 3.125%\" id=\"el-160aa370-9d96-4c55-bcb8-eeb8cb2230c6\">\n<p class=\"fill text-wrapper\" style=\"white-space:pre-line;overflow-wrap:break-word;word-break:break-word;margin:-0.08010284810126549% 0;font-family:&quot;Roboto&quot;,&quot;Helvetica Neue&quot;,&quot;Helvetica&quot;,sans-serif;font-size:0.291262em;line-height:1.2;text-align:justify;padding:0;color:#000000\"><span>A palma forrageira resistente garante alimenta\u00e7\u00e3o para o gado, melhora a renda e a qualidade de vida no campo.<\/span><\/p>\n<\/div>\n<\/div>\n<div style=\"position:absolute;pointer-events:none;left:-11.65049%;top:-9.70874%;width:132.76699%;height:87.05502%;opacity:1\">\n<div style=\"pointer-events:initial;width:100%;height:100%;display:block;position:absolute;top:0;left:0;z-index:0\" class=\"mask\" id=\"el-151a9deb-5cab-405d-9f52-269b7a07c189\">\n<div style=\"position:absolute;width:171.34959%;height:100%;left:-35.6748%;top:0%\" data-leaf-element=\"true\"><amp-img data-recalc-dims=\"1\" layout=\"fill\" src=\"https:\/\/i0.wp.com\/www.fazendaboqueiraorn.com.br\/wp-content\/uploads\/2024\/09\/colheita-da-palma-forrageira-scaled.jpg?ssl=1\" alt=\"Colheita da Palma Forrageira\" srcSet=\"https:\/\/www.fazendaboqueiraorn.com.br\/wp-content\/uploads\/2024\/09\/colheita-da-palma-forrageira-1024x588.jpg 1024w,https:\/\/www.fazendaboqueiraorn.com.br\/wp-content\/uploads\/2024\/09\/colheita-da-palma-forrageira-scaled.jpg 1000w,https:\/\/www.fazendaboqueiraorn.com.br\/wp-content\/uploads\/2024\/09\/colheita-da-palma-forrageira-768x441.jpg 768w,https:\/\/www.fazendaboqueiraorn.com.br\/wp-content\/uploads\/2024\/09\/colheita-da-palma-forrageira-600x344.jpg 600w,https:\/\/www.fazendaboqueiraorn.com.br\/wp-content\/uploads\/2024\/09\/colheita-da-palma-forrageira-300x172.jpg 300w,https:\/\/www.fazendaboqueiraorn.com.br\/wp-content\/uploads\/2024\/09\/colheita-da-palma-forrageira-150x86.jpg 150w\" sizes=\"(min-width: 1024px) 60vh, 133vw\" disable-inline-width=\"true\"><\/amp-img><\/div>\n<\/div>\n<\/div>\n<\/div>\n<\/div>\n<p><\/amp-story-grid-layer><\/amp-story-page><amp-story-page id=\"7238befd-0ffe-4613-ae37-62afcfe745ba\" auto-advance-after=\"7s\"><amp-story-grid-layer template=\"vertical\" aspect-ratio=\"412:618\" class=\"grid-layer\"><\/p>\n<div class=\"page-fullbleed-area\" style=\"background-color:#fff\">\n<div class=\"page-safe-area\">\n<div style=\"position:absolute;pointer-events:none;left:0;top:-9.25926%;width:100%;height:118.51852%;opacity:1\">\n<div style=\"pointer-events:initial;width:100%;height:100%;display:block;position:absolute;top:0;left:0;z-index:0\" class=\"mask\" id=\"el-adbd101f-115d-444a-86c9-ee5d80563ef2\">\n<div class=\"fill\" style=\"will-change:transform\"><\/div>\n<\/div>\n<\/div>\n<\/div>\n<\/div>\n<p><\/amp-story-grid-layer><amp-story-grid-layer template=\"vertical\" aspect-ratio=\"412:618\" class=\"grid-layer\"><\/p>\n<div class=\"page-fullbleed-area\">\n<div class=\"page-safe-area\">\n<div style=\"position:absolute;pointer-events:none;left:0;top:77.34628%;width:100%;height:32.03883%;opacity:1\">\n<div style=\"pointer-events:initial;width:100%;height:100%;display:block;position:absolute;top:0;left:0;z-index:0\" class=\"mask\" id=\"el-67120e07-465a-4619-aca8-9a49d9000382\">\n<div class=\"fill\" style=\"background-color:#636c53;will-change:transform\"><\/div>\n<\/div>\n<\/div>\n<div style=\"position:absolute;pointer-events:none;left:8.98058%;top:79.93528%;width:81.79612%;height:4.36893%;opacity:1\">\n<div style=\"pointer-events:initial;width:100%;height:100%;display:block;position:absolute;top:0;left:0;z-index:0;border-radius:0.5934718100890208% 0.5934718100890208% 0.5934718100890208% 0.5934718100890208% \/ 7.4074074074074066% 7.4074074074074066% 7.4074074074074066% 7.4074074074074066%\" id=\"el-4e437d79-bf49-4e41-b8d7-d2a44e9a5203\">\n<h3 class=\"fill text-wrapper\" style=\"white-space:pre-line;overflow-wrap:break-word;word-break:break-word;margin:-0.09597551928783352% 0;font-family:&quot;Roboto&quot;,&quot;Helvetica Neue&quot;,&quot;Helvetica&quot;,sans-serif;font-size:0.372168em;line-height:1.2;text-align:center;padding:0;color:#000000\"><span><span style=\"font-weight: 700; color: #1b271b\">Fa\u00e7a Parte Dessa Hist\u00f3ria!<\/span><\/span><\/h3>\n<\/div>\n<\/div>\n<div style=\"position:absolute;pointer-events:none;left:11.65049%;top:86.24595%;width:76.69903%;height:10.35599%;opacity:1\">\n<div style=\"pointer-events:initial;width:100%;height:100%;display:block;position:absolute;top:0;left:0;z-index:0;border-radius:0.6329113924050633% 0.6329113924050633% 0.6329113924050633% 0.6329113924050633% \/ 3.125% 3.125% 3.125% 3.125%\" id=\"el-88ec0399-046e-41a5-940c-f8bf9839d8c1\">\n<p class=\"fill text-wrapper\" style=\"white-space:pre-line;overflow-wrap:break-word;word-break:break-word;margin:-0.08010284810126549% 0;font-family:&quot;Roboto&quot;,&quot;Helvetica Neue&quot;,&quot;Helvetica&quot;,sans-serif;font-size:0.291262em;line-height:1.2;text-align:justify;padding:0;color:#000000\"><span>Quer saber mais sobre a palma forrageira e como ela pode beneficiar sua propriedade?<\/span><\/p>\n<\/div>\n<\/div>\n<div style=\"position:absolute;pointer-events:none;left:-6.31068%;top:-9.70874%;width:107.28155%;height:87.05502%;opacity:1\">\n<div style=\"pointer-events:initial;width:100%;height:100%;display:block;position:absolute;top:0;left:0;z-index:0\" class=\"mask\" id=\"el-a59ddb75-ca50-41d7-8e08-24024625c668\"><a href=\"https:\/\/www.fazendaboqueiraorn.com.br\/380-mil-raquetes-de-palma-sao-distribuidas-pela-emparn\/\" data-tooltip-icon=\"https:\/\/www.fazendaboqueiraorn.com.br\/wp-content\/uploads\/2024\/09\/raquetes-de-palma.jpg\" data-tooltip-text=\"380 mil raquetes de palma s\u00e3o distribu\u00eddas pela EMPARN - Fazenda Boqueir\u00e3o\" target=\"_blank\" rel=\"noreferrer noopener\" style=\"width:100%;height:100%;display:block;position:absolute;top:0;left:0\"><\/p>\n<div style=\"position:absolute;width:100%;height:109.49871%;left:0%;top:-4.74936%\" data-leaf-element=\"true\"><amp-img data-recalc-dims=\"1\" layout=\"fill\" src=\"https:\/\/i0.wp.com\/www.fazendaboqueiraorn.com.br\/wp-content\/uploads\/2024\/09\/cropped-raquetes-de-palma.jpg?ssl=1\" alt=\"380 mil raquetes de palma s\u00e3o distribuidas pela EMPARN\" srcSet=\"https:\/\/www.fazendaboqueiraorn.com.br\/wp-content\/uploads\/2024\/09\/cropped-raquetes-de-palma.jpg 640w,https:\/\/www.fazendaboqueiraorn.com.br\/wp-content\/uploads\/2024\/09\/cropped-raquetes-de-palma-600x800.jpg 600w,https:\/\/www.fazendaboqueiraorn.com.br\/wp-content\/uploads\/2024\/09\/cropped-raquetes-de-palma-225x300.jpg 225w,https:\/\/www.fazendaboqueiraorn.com.br\/wp-content\/uploads\/2024\/09\/cropped-raquetes-de-palma-150x200.jpg 150w,https:\/\/www.fazendaboqueiraorn.com.br\/wp-content\/uploads\/2024\/09\/cropped-raquetes-de-palma-9x12.jpg 9w\" sizes=\"(min-width: 1024px) 48vh, 107vw\" disable-inline-width=\"true\"><\/amp-img><\/div>\n<p><\/a><\/div>\n<\/div>\n<\/div>\n<\/div>\n<p><\/amp-story-grid-layer><amp-story-page-outlink layout=\"nodisplay\" cta-image=\"https:\/\/www.fazendaboqueiraorn.com.br\/wp-content\/uploads\/2024\/09\/raquetes-de-palma.jpg\"><a href=\"https:\/\/www.fazendaboqueiraorn.com.br\/380-mil-raquetes-de-palma-sao-distribuidas-pela-emparn\/\" rel=\"\">Aprenda mais<\/a><\/amp-story-page-outlink><\/amp-story-page><\/amp-story><\/body><\/html><\/p>\n","protected":false},"excerpt":{"rendered":"<p>Descubra como a distribui\u00e7\u00e3o de mais de 380 mil raquetes de palma forrageira pela EMPARN est\u00e1 transformando a vida de agricultores familiares no Rio Grande do Norte.<\/p>\n","protected":false},"author":2,"featured_media":5726,"template":"","meta":{"nf_dc_page":"","_uag_custom_page_level_css":"","site-sidebar-layout":"default","site-content-layout":"","ast-site-content-layout":"default","site-content-style":"default","site-sidebar-style":"default","ast-global-header-display":"","ast-banner-title-visibility":"","ast-main-header-display":"","ast-hfb-above-header-display":"","ast-hfb-below-header-display":"","ast-hfb-mobile-header-display":"","site-post-title":"","ast-breadcrumbs-content":"","ast-featured-img":"","footer-sml-layout":"","ast-disable-related-posts":"","theme-transparent-header-meta":"","adv-header-id-meta":"","stick-header-meta":"","header-above-stick-meta":"","header-main-stick-meta":"","header-below-stick-meta":"","astra-migrate-meta-layouts":"default","ast-page-background-enabled":"default","ast-page-background-meta":{"desktop":{"background-color":"var(--ast-global-color-4)","background-image":"","background-repeat":"repeat","background-position":"center center","background-size":"auto","background-attachment":"scroll","background-type":"","background-media":"","overlay-type":"","overlay-color":"","overlay-opacity":"","overlay-gradient":""},"tablet":{"background-color":"","background-image":"","background-repeat":"repeat","background-position":"center center","background-size":"auto","background-attachment":"scroll","background-type":"","background-media":"","overlay-type":"","overlay-color":"","overlay-opacity":"","overlay-gradient":""},"mobile":{"background-color":"","background-image":"","background-repeat":"repeat","background-position":"center center","background-size":"auto","background-attachment":"scroll","background-type":"","background-media":"","overlay-type":"","overlay-color":"","overlay-opacity":"","overlay-gradient":""}},"ast-content-background-meta":{"desktop":{"background-color":"var(--ast-global-color-5)","background-image":"","background-repeat":"repeat","background-position":"center center","background-size":"auto","background-attachment":"scroll","background-type":"","background-media":"","overlay-type":"","overlay-color":"","overlay-opacity":"","overlay-gradient":""},"tablet":{"background-color":"var(--ast-global-color-5)","background-image":"","background-repeat":"repeat","background-position":"center center","background-size":"auto","background-attachment":"scroll","background-type":"","background-media":"","overlay-type":"","overlay-color":"","overlay-opacity":"","overlay-gradient":""},"mobile":{"background-color":"var(--ast-global-color-5)","background-image":"","background-repeat":"repeat","background-position":"center center","background-size":"auto","background-attachment":"scroll","background-type":"","background-media":"","overlay-type":"","overlay-color":"","overlay-opacity":"","overlay-gradient":""}},"jetpack_post_was_ever_published":false,"web_stories_publisher_logo":4304,"web_stories_poster":[],"web_stories_products":[],"footnotes":""},"web_story_category":[3174],"web_story_tag":[3250,3251],"class_list":["post-5725","web-story","type-web-story","status-publish","has-post-thumbnail","hentry"],"yoast_head":"<!-- This site is optimized with the Yoast SEO plugin v27.4 - https:\/\/yoast.com\/product\/yoast-seo-wordpress\/ -->\n<title>Revolu\u00e7\u00e3o Verde: Palma Forrageira Transforma a Agricultura Familiar no RN! - Fazenda Boqueir\u00e3o<\/title>\n<meta name=\"description\" content=\"Descubra como a distribui\u00e7\u00e3o de mais de 380 mil raquetes de palma forrageira pela EMPARN est\u00e1 transformando a vida de agricultores familiares no Rio Grande do Norte.\" \/>\n<meta name=\"robots\" content=\"index, follow, max-snippet:-1, max-image-preview:large, max-video-preview:-1\" \/>\n<link rel=\"canonical\" href=\"https:\/\/www.fazendaboqueiraorn.com.br\/en\/web-stories\/titulo-do-web-story\/\" \/>\n<meta property=\"og:locale\" content=\"en_US\" \/>\n<meta property=\"og:type\" content=\"article\" \/>\n<meta property=\"og:title\" content=\"Revolu\u00e7\u00e3o Verde: Palma Forrageira Transforma a Agricultura Familiar no RN! - Fazenda Boqueir\u00e3o\" \/>\n<meta property=\"og:description\" content=\"Descubra como a distribui\u00e7\u00e3o de mais de 380 mil raquetes de palma forrageira pela EMPARN est\u00e1 transformando a vida de agricultores familiares no Rio Grande do Norte.\" \/>\n<meta property=\"og:url\" content=\"https:\/\/www.fazendaboqueiraorn.com.br\/en\/web-stories\/titulo-do-web-story\/\" \/>\n<meta property=\"og:site_name\" content=\"Fazenda Boqueir\u00e3o\" \/>\n<meta property=\"article:publisher\" content=\"https:\/\/www.facebook.com\/fazboqueirao\" \/>\n<meta property=\"article:modified_time\" content=\"2024-09-12T00:46:04+00:00\" \/>\n<meta property=\"og:image\" content=\"https:\/\/www.fazendaboqueiraorn.com.br\/wp-content\/uploads\/2024\/09\/cropped-raquetes-de-palma.jpg\" \/>\n\t<meta property=\"og:image:width\" content=\"640\" \/>\n\t<meta property=\"og:image:height\" content=\"853\" \/>\n\t<meta property=\"og:image:type\" content=\"image\/jpeg\" \/>\n<meta name=\"twitter:card\" content=\"summary_large_image\" \/>\n<meta name=\"twitter:site\" content=\"@FazBoqueirao\" \/>\n<script type=\"application\/ld+json\" class=\"yoast-schema-graph\">{\"@context\":\"https:\\\/\\\/schema.org\",\"@graph\":[{\"@type\":\"Article\",\"@id\":\"https:\\\/\\\/www.fazendaboqueiraorn.com.br\\\/web-stories\\\/titulo-do-web-story\\\/#article\",\"isPartOf\":{\"@id\":\"https:\\\/\\\/www.fazendaboqueiraorn.com.br\\\/web-stories\\\/titulo-do-web-story\\\/\"},\"author\":{\"name\":\"Fazenda Boqueir\u00e3o\",\"@id\":\"https:\\\/\\\/www.fazendaboqueiraorn.com.br\\\/#\\\/schema\\\/person\\\/70484dc96f76e66c6365a9f4a2ebfb02\"},\"headline\":\"Revolu\u00e7\u00e3o Verde: Palma Forrageira Transforma a Agricultura Familiar no RN!\",\"datePublished\":\"2024-09-12T00:46:00+00:00\",\"dateModified\":\"2024-09-12T00:46:04+00:00\",\"mainEntityOfPage\":{\"@id\":\"https:\\\/\\\/www.fazendaboqueiraorn.com.br\\\/web-stories\\\/titulo-do-web-story\\\/\"},\"wordCount\":136,\"publisher\":{\"@id\":\"https:\\\/\\\/www.fazendaboqueiraorn.com.br\\\/#organization\"},\"image\":{\"@id\":\"https:\\\/\\\/www.fazendaboqueiraorn.com.br\\\/web-stories\\\/titulo-do-web-story\\\/#primaryimage\"},\"thumbnailUrl\":\"https:\\\/\\\/i0.wp.com\\\/www.fazendaboqueiraorn.com.br\\\/wp-content\\\/uploads\\\/2024\\\/09\\\/cropped-raquetes-de-palma.jpg?fit=640%2C853&ssl=1\",\"keywords\":[\"131516\",\"1b271b\",\"Agricultura\",\"palma\",\"palma forrageira\"],\"inLanguage\":\"en-US\"},{\"@type\":\"WebPage\",\"@id\":\"https:\\\/\\\/www.fazendaboqueiraorn.com.br\\\/web-stories\\\/titulo-do-web-story\\\/\",\"url\":\"https:\\\/\\\/www.fazendaboqueiraorn.com.br\\\/web-stories\\\/titulo-do-web-story\\\/\",\"name\":\"Revolu\u00e7\u00e3o Verde: Palma Forrageira Transforma a Agricultura Familiar no RN! - Fazenda Boqueir\u00e3o\",\"isPartOf\":{\"@id\":\"https:\\\/\\\/www.fazendaboqueiraorn.com.br\\\/#website\"},\"primaryImageOfPage\":{\"@id\":\"https:\\\/\\\/www.fazendaboqueiraorn.com.br\\\/web-stories\\\/titulo-do-web-story\\\/#primaryimage\"},\"image\":{\"@id\":\"https:\\\/\\\/www.fazendaboqueiraorn.com.br\\\/web-stories\\\/titulo-do-web-story\\\/#primaryimage\"},\"thumbnailUrl\":\"https:\\\/\\\/i0.wp.com\\\/www.fazendaboqueiraorn.com.br\\\/wp-content\\\/uploads\\\/2024\\\/09\\\/cropped-raquetes-de-palma.jpg?fit=640%2C853&ssl=1\",\"datePublished\":\"2024-09-12T00:46:00+00:00\",\"dateModified\":\"2024-09-12T00:46:04+00:00\",\"breadcrumb\":{\"@id\":\"https:\\\/\\\/www.fazendaboqueiraorn.com.br\\\/web-stories\\\/titulo-do-web-story\\\/#breadcrumb\"},\"inLanguage\":\"en-US\",\"potentialAction\":[{\"@type\":\"ReadAction\",\"target\":[\"https:\\\/\\\/www.fazendaboqueiraorn.com.br\\\/web-stories\\\/titulo-do-web-story\\\/\"]}]},{\"@type\":\"ImageObject\",\"inLanguage\":\"en-US\",\"@id\":\"https:\\\/\\\/www.fazendaboqueiraorn.com.br\\\/web-stories\\\/titulo-do-web-story\\\/#primaryimage\",\"url\":\"https:\\\/\\\/i0.wp.com\\\/www.fazendaboqueiraorn.com.br\\\/wp-content\\\/uploads\\\/2024\\\/09\\\/cropped-raquetes-de-palma.jpg?fit=640%2C853&ssl=1\",\"contentUrl\":\"https:\\\/\\\/i0.wp.com\\\/www.fazendaboqueiraorn.com.br\\\/wp-content\\\/uploads\\\/2024\\\/09\\\/cropped-raquetes-de-palma.jpg?fit=640%2C853&ssl=1\",\"width\":640,\"height\":853,\"caption\":\"380 mil raquetes de palma s\u00e3o distribuidas pela EMPARN\"},{\"@type\":\"BreadcrumbList\",\"@id\":\"https:\\\/\\\/www.fazendaboqueiraorn.com.br\\\/web-stories\\\/titulo-do-web-story\\\/#breadcrumb\",\"itemListElement\":[{\"@type\":\"ListItem\",\"position\":1,\"name\":\"Home\",\"item\":\"https:\\\/\\\/www.fazendaboqueiraorn.com.br\\\/\"},{\"@type\":\"ListItem\",\"position\":2,\"name\":\"Story\",\"item\":\"https:\\\/\\\/www.fazendaboqueiraorn.com.br\\\/web-stories\\\/\"},{\"@type\":\"ListItem\",\"position\":3,\"name\":\"Revolu\u00e7\u00e3o Verde: Palma Forrageira Transforma a Agricultura Familiar no RN!\"}]},{\"@type\":\"WebSite\",\"@id\":\"https:\\\/\\\/www.fazendaboqueiraorn.com.br\\\/#website\",\"url\":\"https:\\\/\\\/www.fazendaboqueiraorn.com.br\\\/\",\"name\":\"Fazenda Boqueir\u00e3o\",\"description\":\"\",\"publisher\":{\"@id\":\"https:\\\/\\\/www.fazendaboqueiraorn.com.br\\\/#organization\"},\"potentialAction\":[{\"@type\":\"SearchAction\",\"target\":{\"@type\":\"EntryPoint\",\"urlTemplate\":\"https:\\\/\\\/www.fazendaboqueiraorn.com.br\\\/?s={search_term_string}\"},\"query-input\":{\"@type\":\"PropertyValueSpecification\",\"valueRequired\":true,\"valueName\":\"search_term_string\"}}],\"inLanguage\":\"en-US\"},{\"@type\":\"Organization\",\"@id\":\"https:\\\/\\\/www.fazendaboqueiraorn.com.br\\\/#organization\",\"name\":\"Fazenda Boqueir\u00e3o\",\"url\":\"https:\\\/\\\/www.fazendaboqueiraorn.com.br\\\/\",\"logo\":{\"@type\":\"ImageObject\",\"inLanguage\":\"en-US\",\"@id\":\"https:\\\/\\\/www.fazendaboqueiraorn.com.br\\\/#\\\/schema\\\/logo\\\/image\\\/\",\"url\":\"https:\\\/\\\/i0.wp.com\\\/www.fazendaboqueiraorn.com.br\\\/wp-content\\\/uploads\\\/2021\\\/08\\\/logo-fazenda-120x120-1.png?fit=120%2C120&ssl=1\",\"contentUrl\":\"https:\\\/\\\/i0.wp.com\\\/www.fazendaboqueiraorn.com.br\\\/wp-content\\\/uploads\\\/2021\\\/08\\\/logo-fazenda-120x120-1.png?fit=120%2C120&ssl=1\",\"width\":120,\"height\":120,\"caption\":\"Fazenda Boqueir\u00e3o\"},\"image\":{\"@id\":\"https:\\\/\\\/www.fazendaboqueiraorn.com.br\\\/#\\\/schema\\\/logo\\\/image\\\/\"},\"sameAs\":[\"https:\\\/\\\/www.facebook.com\\\/fazboqueirao\",\"https:\\\/\\\/x.com\\\/FazBoqueirao\",\"http:\\\/\\\/instagram.com\\\/fazboqueirao\\\/\",\"https:\\\/\\\/www.linkedin.com\\\/company\\\/fazboqueirao\\\/\",\"https:\\\/\\\/www.youtube.com\\\/channel\\\/UCUA4_8v8HkmMeNUh8c6Ky1Q\"]},{\"@type\":\"Person\",\"@id\":\"https:\\\/\\\/www.fazendaboqueiraorn.com.br\\\/#\\\/schema\\\/person\\\/70484dc96f76e66c6365a9f4a2ebfb02\",\"name\":\"Fazenda Boqueir\u00e3o\",\"image\":{\"@type\":\"ImageObject\",\"inLanguage\":\"en-US\",\"@id\":\"https:\\\/\\\/secure.gravatar.com\\\/avatar\\\/19f19467ae305ded5d913deae2fb6c6f29fe88a0a7f3a4dca5679407289a9efd?s=96&d=mm&r=g\",\"url\":\"https:\\\/\\\/secure.gravatar.com\\\/avatar\\\/19f19467ae305ded5d913deae2fb6c6f29fe88a0a7f3a4dca5679407289a9efd?s=96&d=mm&r=g\",\"contentUrl\":\"https:\\\/\\\/secure.gravatar.com\\\/avatar\\\/19f19467ae305ded5d913deae2fb6c6f29fe88a0a7f3a4dca5679407289a9efd?s=96&d=mm&r=g\",\"caption\":\"Fazenda Boqueir\u00e3o\"},\"url\":\"https:\\\/\\\/www.fazendaboqueiraorn.com.br\\\/en\\\/author\\\/fazenda\\\/\"}]}<\/script>\n<!-- \/ Yoast SEO plugin. -->","yoast_head_json":{"title":"Revolu\u00e7\u00e3o Verde: Palma Forrageira Transforma a Agricultura Familiar no RN! - Fazenda Boqueir\u00e3o","description":"Descubra como a distribui\u00e7\u00e3o de mais de 380 mil raquetes de palma forrageira pela EMPARN est\u00e1 transformando a vida de agricultores familiares no Rio Grande do Norte.","robots":{"index":"index","follow":"follow","max-snippet":"max-snippet:-1","max-image-preview":"max-image-preview:large","max-video-preview":"max-video-preview:-1"},"canonical":"https:\/\/www.fazendaboqueiraorn.com.br\/en\/web-stories\/titulo-do-web-story\/","og_locale":"en_US","og_type":"article","og_title":"Revolu\u00e7\u00e3o Verde: Palma Forrageira Transforma a Agricultura Familiar no RN! - Fazenda Boqueir\u00e3o","og_description":"Descubra como a distribui\u00e7\u00e3o de mais de 380 mil raquetes de palma forrageira pela EMPARN est\u00e1 transformando a vida de agricultores familiares no Rio Grande do Norte.","og_url":"https:\/\/www.fazendaboqueiraorn.com.br\/en\/web-stories\/titulo-do-web-story\/","og_site_name":"Fazenda Boqueir\u00e3o","article_publisher":"https:\/\/www.facebook.com\/fazboqueirao","article_modified_time":"2024-09-12T00:46:04+00:00","og_image":[{"width":640,"height":853,"url":"https:\/\/www.fazendaboqueiraorn.com.br\/wp-content\/uploads\/2024\/09\/cropped-raquetes-de-palma.jpg","type":"image\/jpeg"}],"twitter_card":"summary_large_image","twitter_site":"@FazBoqueirao","schema":{"@context":"https:\/\/schema.org","@graph":[{"@type":"Article","@id":"https:\/\/www.fazendaboqueiraorn.com.br\/web-stories\/titulo-do-web-story\/#article","isPartOf":{"@id":"https:\/\/www.fazendaboqueiraorn.com.br\/web-stories\/titulo-do-web-story\/"},"author":{"name":"Fazenda Boqueir\u00e3o","@id":"https:\/\/www.fazendaboqueiraorn.com.br\/#\/schema\/person\/70484dc96f76e66c6365a9f4a2ebfb02"},"headline":"Revolu\u00e7\u00e3o Verde: Palma Forrageira Transforma a Agricultura Familiar no RN!","datePublished":"2024-09-12T00:46:00+00:00","dateModified":"2024-09-12T00:46:04+00:00","mainEntityOfPage":{"@id":"https:\/\/www.fazendaboqueiraorn.com.br\/web-stories\/titulo-do-web-story\/"},"wordCount":136,"publisher":{"@id":"https:\/\/www.fazendaboqueiraorn.com.br\/#organization"},"image":{"@id":"https:\/\/www.fazendaboqueiraorn.com.br\/web-stories\/titulo-do-web-story\/#primaryimage"},"thumbnailUrl":"https:\/\/i0.wp.com\/www.fazendaboqueiraorn.com.br\/wp-content\/uploads\/2024\/09\/cropped-raquetes-de-palma.jpg?fit=640%2C853&ssl=1","keywords":["131516","1b271b","Agricultura","palma","palma forrageira"],"inLanguage":"en-US"},{"@type":"WebPage","@id":"https:\/\/www.fazendaboqueiraorn.com.br\/web-stories\/titulo-do-web-story\/","url":"https:\/\/www.fazendaboqueiraorn.com.br\/web-stories\/titulo-do-web-story\/","name":"Revolu\u00e7\u00e3o Verde: Palma Forrageira Transforma a Agricultura Familiar no RN! - Fazenda Boqueir\u00e3o","isPartOf":{"@id":"https:\/\/www.fazendaboqueiraorn.com.br\/#website"},"primaryImageOfPage":{"@id":"https:\/\/www.fazendaboqueiraorn.com.br\/web-stories\/titulo-do-web-story\/#primaryimage"},"image":{"@id":"https:\/\/www.fazendaboqueiraorn.com.br\/web-stories\/titulo-do-web-story\/#primaryimage"},"thumbnailUrl":"https:\/\/i0.wp.com\/www.fazendaboqueiraorn.com.br\/wp-content\/uploads\/2024\/09\/cropped-raquetes-de-palma.jpg?fit=640%2C853&ssl=1","datePublished":"2024-09-12T00:46:00+00:00","dateModified":"2024-09-12T00:46:04+00:00","breadcrumb":{"@id":"https:\/\/www.fazendaboqueiraorn.com.br\/web-stories\/titulo-do-web-story\/#breadcrumb"},"inLanguage":"en-US","potentialAction":[{"@type":"ReadAction","target":["https:\/\/www.fazendaboqueiraorn.com.br\/web-stories\/titulo-do-web-story\/"]}]},{"@type":"ImageObject","inLanguage":"en-US","@id":"https:\/\/www.fazendaboqueiraorn.com.br\/web-stories\/titulo-do-web-story\/#primaryimage","url":"https:\/\/i0.wp.com\/www.fazendaboqueiraorn.com.br\/wp-content\/uploads\/2024\/09\/cropped-raquetes-de-palma.jpg?fit=640%2C853&ssl=1","contentUrl":"https:\/\/i0.wp.com\/www.fazendaboqueiraorn.com.br\/wp-content\/uploads\/2024\/09\/cropped-raquetes-de-palma.jpg?fit=640%2C853&ssl=1","width":640,"height":853,"caption":"380 mil raquetes de palma s\u00e3o distribuidas pela EMPARN"},{"@type":"BreadcrumbList","@id":"https:\/\/www.fazendaboqueiraorn.com.br\/web-stories\/titulo-do-web-story\/#breadcrumb","itemListElement":[{"@type":"ListItem","position":1,"name":"Home","item":"https:\/\/www.fazendaboqueiraorn.com.br\/"},{"@type":"ListItem","position":2,"name":"Story","item":"https:\/\/www.fazendaboqueiraorn.com.br\/web-stories\/"},{"@type":"ListItem","position":3,"name":"Revolu\u00e7\u00e3o Verde: Palma Forrageira Transforma a Agricultura Familiar no RN!"}]},{"@type":"WebSite","@id":"https:\/\/www.fazendaboqueiraorn.com.br\/#website","url":"https:\/\/www.fazendaboqueiraorn.com.br\/","name":"Fazenda Boqueir\u00e3o","description":"","publisher":{"@id":"https:\/\/www.fazendaboqueiraorn.com.br\/#organization"},"potentialAction":[{"@type":"SearchAction","target":{"@type":"EntryPoint","urlTemplate":"https:\/\/www.fazendaboqueiraorn.com.br\/?s={search_term_string}"},"query-input":{"@type":"PropertyValueSpecification","valueRequired":true,"valueName":"search_term_string"}}],"inLanguage":"en-US"},{"@type":"Organization","@id":"https:\/\/www.fazendaboqueiraorn.com.br\/#organization","name":"Fazenda Boqueir\u00e3o","url":"https:\/\/www.fazendaboqueiraorn.com.br\/","logo":{"@type":"ImageObject","inLanguage":"en-US","@id":"https:\/\/www.fazendaboqueiraorn.com.br\/#\/schema\/logo\/image\/","url":"https:\/\/i0.wp.com\/www.fazendaboqueiraorn.com.br\/wp-content\/uploads\/2021\/08\/logo-fazenda-120x120-1.png?fit=120%2C120&ssl=1","contentUrl":"https:\/\/i0.wp.com\/www.fazendaboqueiraorn.com.br\/wp-content\/uploads\/2021\/08\/logo-fazenda-120x120-1.png?fit=120%2C120&ssl=1","width":120,"height":120,"caption":"Fazenda Boqueir\u00e3o"},"image":{"@id":"https:\/\/www.fazendaboqueiraorn.com.br\/#\/schema\/logo\/image\/"},"sameAs":["https:\/\/www.facebook.com\/fazboqueirao","https:\/\/x.com\/FazBoqueirao","http:\/\/instagram.com\/fazboqueirao\/","https:\/\/www.linkedin.com\/company\/fazboqueirao\/","https:\/\/www.youtube.com\/channel\/UCUA4_8v8HkmMeNUh8c6Ky1Q"]},{"@type":"Person","@id":"https:\/\/www.fazendaboqueiraorn.com.br\/#\/schema\/person\/70484dc96f76e66c6365a9f4a2ebfb02","name":"Fazenda Boqueir\u00e3o","image":{"@type":"ImageObject","inLanguage":"en-US","@id":"https:\/\/secure.gravatar.com\/avatar\/19f19467ae305ded5d913deae2fb6c6f29fe88a0a7f3a4dca5679407289a9efd?s=96&d=mm&r=g","url":"https:\/\/secure.gravatar.com\/avatar\/19f19467ae305ded5d913deae2fb6c6f29fe88a0a7f3a4dca5679407289a9efd?s=96&d=mm&r=g","contentUrl":"https:\/\/secure.gravatar.com\/avatar\/19f19467ae305ded5d913deae2fb6c6f29fe88a0a7f3a4dca5679407289a9efd?s=96&d=mm&r=g","caption":"Fazenda Boqueir\u00e3o"},"url":"https:\/\/www.fazendaboqueiraorn.com.br\/en\/author\/fazenda\/"}]}},"uagb_featured_image_src":{"full":["https:\/\/i0.wp.com\/www.fazendaboqueiraorn.com.br\/wp-content\/uploads\/2024\/09\/cropped-raquetes-de-palma.jpg?fit=640%2C853&ssl=1",640,853,false],"thumbnail":["https:\/\/i0.wp.com\/www.fazendaboqueiraorn.com.br\/wp-content\/uploads\/2024\/09\/cropped-raquetes-de-palma.jpg?resize=150%2C150&ssl=1",150,150,true],"medium":["https:\/\/i0.wp.com\/www.fazendaboqueiraorn.com.br\/wp-content\/uploads\/2024\/09\/cropped-raquetes-de-palma.jpg?fit=225%2C300&ssl=1",225,300,true],"medium_large":["https:\/\/i0.wp.com\/www.fazendaboqueiraorn.com.br\/wp-content\/uploads\/2024\/09\/cropped-raquetes-de-palma.jpg?fit=640%2C853&ssl=1",640,853,true],"large":["https:\/\/i0.wp.com\/www.fazendaboqueiraorn.com.br\/wp-content\/uploads\/2024\/09\/cropped-raquetes-de-palma.jpg?fit=640%2C853&ssl=1",640,853,true],"1536x1536":["https:\/\/i0.wp.com\/www.fazendaboqueiraorn.com.br\/wp-content\/uploads\/2024\/09\/cropped-raquetes-de-palma.jpg?fit=640%2C853&ssl=1",640,853,true],"2048x2048":["https:\/\/i0.wp.com\/www.fazendaboqueiraorn.com.br\/wp-content\/uploads\/2024\/09\/cropped-raquetes-de-palma.jpg?fit=640%2C853&ssl=1",640,853,true],"trp-custom-language-flag":["https:\/\/i0.wp.com\/www.fazendaboqueiraorn.com.br\/wp-content\/uploads\/2024\/09\/cropped-raquetes-de-palma.jpg?fit=9%2C12&ssl=1",9,12,true],"ultp_layout_landscape_large":["https:\/\/i0.wp.com\/www.fazendaboqueiraorn.com.br\/wp-content\/uploads\/2024\/09\/cropped-raquetes-de-palma.jpg?resize=640%2C800&ssl=1",640,800,true],"ultp_layout_landscape":["https:\/\/i0.wp.com\/www.fazendaboqueiraorn.com.br\/wp-content\/uploads\/2024\/09\/cropped-raquetes-de-palma.jpg?resize=640%2C570&ssl=1",640,570,true],"ultp_layout_portrait":["https:\/\/i0.wp.com\/www.fazendaboqueiraorn.com.br\/wp-content\/uploads\/2024\/09\/cropped-raquetes-de-palma.jpg?resize=600%2C853&ssl=1",600,853,true],"ultp_layout_square":["https:\/\/i0.wp.com\/www.fazendaboqueiraorn.com.br\/wp-content\/uploads\/2024\/09\/cropped-raquetes-de-palma.jpg?resize=600%2C600&ssl=1",600,600,true],"woocommerce_thumbnail":["https:\/\/www.fazendaboqueiraorn.com.br\/wp-content\/uploads\/2024\/09\/cropped-raquetes-de-palma-300x300.jpg",300,300,true],"woocommerce_single":["https:\/\/www.fazendaboqueiraorn.com.br\/wp-content\/uploads\/2024\/09\/cropped-raquetes-de-palma.jpg",600,800,false],"woocommerce_gallery_thumbnail":["https:\/\/www.fazendaboqueiraorn.com.br\/wp-content\/uploads\/2024\/09\/cropped-raquetes-de-palma-100x100.jpg",100,100,true],"web-stories-poster-portrait":["https:\/\/www.fazendaboqueiraorn.com.br\/wp-content\/uploads\/2024\/09\/cropped-raquetes-de-palma.jpg",640,853,false],"web-stories-publisher-logo":["https:\/\/www.fazendaboqueiraorn.com.br\/wp-content\/uploads\/2024\/09\/cropped-raquetes-de-palma-96x96.jpg",96,96,true],"web-stories-thumbnail":["https:\/\/www.fazendaboqueiraorn.com.br\/wp-content\/uploads\/2024\/09\/cropped-raquetes-de-palma-150x200.jpg",150,200,true]},"uagb_author_info":{"display_name":"Fazenda Boqueir\u00e3o","author_link":"https:\/\/www.fazendaboqueiraorn.com.br\/en\/author\/fazenda\/"},"uagb_comment_info":0,"uagb_excerpt":"Descubra como a distribui\u00e7\u00e3o de mais de 380 mil raquetes de palma forrageira pela EMPARN est\u00e1 transformando a vida de agricultores familiares no Rio Grande do Norte.","jetpack_sharing_enabled":true,"jetpack_likes_enabled":true,"story_data":{"version":47,"pages":[{"elements":[{"opacity":100,"flip":{"vertical":false,"horizontal":false},"rotationAngle":0,"lockAspectRatio":true,"backgroundColor":{"color":{"r":196,"g":196,"b":196}},"x":1,"y":1,"width":1,"height":1,"mask":{"type":"rectangle"},"isBackground":true,"isDefaultBackground":true,"type":"shape","id":"f0a514f2-a28d-492e-8dc7-a4bc06d01c69"},{"opacity":100,"flip":{"vertical":false,"horizontal":false},"rotationAngle":0,"lockAspectRatio":false,"scale":100,"focalX":50,"focalY":50,"resource":{"type":"image","mimeType":"image\/jpeg","width":1000,"height":563,"sizes":{"medium":{"file":"agricultor-com-palma-300x169.jpg","width":300,"height":169,"filesize":15767,"mimeType":"image\/jpeg","sourceUrl":"https:\/\/www.fazendaboqueiraorn.com.br\/wp-content\/uploads\/2024\/09\/agricultor-com-palma-300x169.jpg"},"large":{"file":"agricultor-com-palma-1024x576.jpg","width":1024,"height":576,"filesize":107412,"mimeType":"image\/jpeg","sourceUrl":"https:\/\/www.fazendaboqueiraorn.com.br\/wp-content\/uploads\/2024\/09\/agricultor-com-palma-1024x576.jpg"},"thumbnail":{"file":"agricultor-com-palma-150x150.jpg","width":150,"height":150,"filesize":7669,"mimeType":"image\/jpeg","sourceUrl":"https:\/\/www.fazendaboqueiraorn.com.br\/wp-content\/uploads\/2024\/09\/agricultor-com-palma-150x150.jpg"},"medium_large":{"file":"agricultor-com-palma-768x432.jpg","width":768,"height":432,"filesize":69649,"mimeType":"image\/jpeg","sourceUrl":"https:\/\/www.fazendaboqueiraorn.com.br\/wp-content\/uploads\/2024\/09\/agricultor-com-palma-768x432.jpg"},"trp-custom-language-flag":{"file":"agricultor-com-palma-18x10.jpg","width":18,"height":10,"filesize":458,"mimeType":"image\/jpeg","sourceUrl":"https:\/\/www.fazendaboqueiraorn.com.br\/wp-content\/uploads\/2024\/09\/agricultor-com-palma-18x10.jpg"},"pgmb-post-image":{"file":"agricultor-com-palma-1200x720.jpg","width":1200,"height":720,"filesize":165590,"mimeType":"image\/jpeg","sourceUrl":"https:\/\/www.fazendaboqueiraorn.com.br\/wp-content\/uploads\/2024\/09\/agricultor-com-palma-1200x720.jpg"},"ultp_layout_landscape_large":{"file":"agricultor-com-palma-1200x720.jpg","width":1200,"height":720,"filesize":165590,"mimeType":"image\/jpeg","sourceUrl":"https:\/\/www.fazendaboqueiraorn.com.br\/wp-content\/uploads\/2024\/09\/agricultor-com-palma-1200x720.jpg"},"ultp_layout_landscape":{"file":"agricultor-com-palma-870x570.jpg","width":870,"height":570,"filesize":90045,"mimeType":"image\/jpeg","sourceUrl":"https:\/\/www.fazendaboqueiraorn.com.br\/wp-content\/uploads\/2024\/09\/agricultor-com-palma-870x570.jpg"},"ultp_layout_portrait":{"file":"agricultor-com-palma-600x720.jpg","width":600,"height":720,"filesize":72534,"mimeType":"image\/jpeg","sourceUrl":"https:\/\/www.fazendaboqueiraorn.com.br\/wp-content\/uploads\/2024\/09\/agricultor-com-palma-600x720.jpg"},"ultp_layout_square":{"file":"agricultor-com-palma-600x600.jpg","width":600,"height":600,"filesize":63324,"mimeType":"image\/jpeg","sourceUrl":"https:\/\/www.fazendaboqueiraorn.com.br\/wp-content\/uploads\/2024\/09\/agricultor-com-palma-600x600.jpg"},"woocommerce_thumbnail":{"file":"agricultor-com-palma-300x300.jpg","width":300,"height":300,"filesize":22236,"mimeType":"image\/jpeg","sourceUrl":"https:\/\/www.fazendaboqueiraorn.com.br\/wp-content\/uploads\/2024\/09\/agricultor-com-palma-300x300.jpg"},"woocommerce_single":{"file":"agricultor-com-palma-600x338.jpg","width":600,"height":338,"filesize":47612,"mimeType":"image\/jpeg","sourceUrl":"https:\/\/www.fazendaboqueiraorn.com.br\/wp-content\/uploads\/2024\/09\/agricultor-com-palma-600x338.jpg"},"woocommerce_gallery_thumbnail":{"file":"agricultor-com-palma-100x100.jpg","width":100,"height":100,"filesize":4165,"mimeType":"image\/jpeg","sourceUrl":"https:\/\/www.fazendaboqueiraorn.com.br\/wp-content\/uploads\/2024\/09\/agricultor-com-palma-100x100.jpg"},"web-stories-poster-portrait":{"file":"agricultor-com-palma-640x720.jpg","width":640,"height":720,"filesize":85564,"mimeType":"image\/jpeg","sourceUrl":"https:\/\/www.fazendaboqueiraorn.com.br\/wp-content\/uploads\/2024\/09\/agricultor-com-palma-640x720.jpg"},"web-stories-publisher-logo":{"file":"agricultor-com-palma-96x96.jpg","width":96,"height":96,"filesize":3676,"mimeType":"image\/jpeg","sourceUrl":"https:\/\/www.fazendaboqueiraorn.com.br\/wp-content\/uploads\/2024\/09\/agricultor-com-palma-96x96.jpg"},"web-stories-thumbnail":{"file":"agricultor-com-palma-150x84.jpg","width":150,"height":84,"filesize":5193,"mimeType":"image\/jpeg","sourceUrl":"https:\/\/www.fazendaboqueiraorn.com.br\/wp-content\/uploads\/2024\/09\/agricultor-com-palma-150x84.jpg"},"full":{"file":"agricultor-com-palma-scaled.jpg","width":1000,"height":563,"mimeType":"image\/jpeg","sourceUrl":"https:\/\/www.fazendaboqueiraorn.com.br\/wp-content\/uploads\/2024\/09\/agricultor-com-palma-scaled.jpg"}},"isPlaceholder":false,"isExternal":false,"needsProxy":false,"baseColor":"#3c463f","blurHash":"UcEz7oM_Ri%g%%t7WCj@Xps,oLWCN#adoKRk","creationDate":1726101013000,"src":"https:\/\/www.fazendaboqueiraorn.com.br\/wp-content\/uploads\/2024\/09\/agricultor-com-palma-scaled.jpg","id":5727,"alt":"agricultor-com-palma","local":false},"type":"image","x":-110,"y":-62,"width":522,"height":540,"mask":{"type":"rectangle","showInLibrary":true,"name":"Ret\u00e2ngulo","path":"M 0,0 1,0 1,1 0,1 0,0 Z","ratio":1,"supportsBorder":true},"id":"b96d9aee-8b4f-4bb3-b7e5-06c5db9fdbeb"},{"opacity":100,"flip":{"vertical":false,"horizontal":false},"rotationAngle":0,"lockAspectRatio":false,"backgroundColor":{"color":{"r":99,"g":108,"b":83}},"width":412,"height":198,"type":"shape","x":0,"y":478,"mask":{"type":"rectangle"},"id":"2f13a30c-31b7-407d-9923-21c096b85e93"},{"opacity":100,"flip":{"vertical":false,"horizontal":false},"rotationAngle":0,"lockAspectRatio":true,"backgroundTextMode":"NONE","font":{"family":"Roboto"},"fontSize":25,"backgroundColor":{"color":{"r":196,"g":196,"b":196}},"lineHeight":1.189999999999999946709294817992486059665679931640625,"textAlign":"center","padding":{"locked":true,"hasHiddenPadding":false,"horizontal":0,"vertical":0},"content":"<span style=\"font-weight: 700; color: #1b271b\">Revolu\u00e7\u00e3o Verde no Campo!<\/span>","x":33,"y":494,"width":337,"borderRadius":{"locked":true,"topLeft":2,"topRight":2,"bottomRight":2,"bottomLeft":2},"type":"text","height":29,"id":"7ed6c05e-9b43-4912-969e-6ce24ad55a21"},{"opacity":100,"flip":{"vertical":false,"horizontal":false},"rotationAngle":0,"lockAspectRatio":true,"backgroundTextMode":"NONE","font":{"family":"Roboto"},"fontSize":18,"backgroundColor":{"color":{"r":196,"g":196,"b":196}},"lineHeight":1.1999999999999999555910790149937383830547332763671875,"textAlign":"justify","padding":{"locked":true,"hasHiddenPadding":false,"horizontal":0,"vertical":0},"content":"A Fazenda Boqueir\u00e3o celebra uma grande conquista para a agricultura familiar do Rio Grande do Norte!","x":48,"y":533,"width":316,"borderRadius":{"locked":true,"topLeft":2,"topRight":2,"bottomRight":2,"bottomLeft":2},"type":"text","height":64,"id":"69f9d5c0-0cf9-44cb-948f-183be3d8b62f"}],"backgroundColor":{"color":{"r":255,"g":255,"b":255}},"id":"1ba6321b-2969-41cc-bb8b-1771d4064beb"},{"elements":[{"opacity":100,"flip":{"vertical":false,"horizontal":false},"rotationAngle":0,"lockAspectRatio":true,"backgroundColor":{"color":{"r":196,"g":196,"b":196}},"x":1,"y":1,"width":1,"height":1,"mask":{"type":"rectangle"},"isBackground":true,"isDefaultBackground":true,"id":"70902853-d9ec-4df4-8b86-b12f362ad306","type":"shape"},{"opacity":100,"flip":{"vertical":false,"horizontal":false},"rotationAngle":0,"lockAspectRatio":false,"backgroundColor":{"color":{"r":99,"g":108,"b":83}},"width":412,"height":198,"x":0,"y":478,"mask":{"type":"rectangle"},"id":"1a90691a-0aa6-4a07-9e45-e28ce612311d","type":"shape"},{"opacity":100,"flip":{"vertical":false,"horizontal":false},"rotationAngle":0,"lockAspectRatio":true,"backgroundTextMode":"NONE","font":{"family":"Roboto"},"fontSize":23,"backgroundColor":{"color":{"r":196,"g":196,"b":196}},"lineHeight":1.1999999999999999555910790149937383830547332763671875,"textAlign":"center","padding":{"locked":true,"hasHiddenPadding":false,"horizontal":0,"vertical":0},"content":"<span style=\"font-weight: 700; color: #1b271b\">A Amea\u00e7a Silenciosa<\/span>","x":37,"y":494,"width":337,"borderRadius":{"locked":true,"topLeft":2,"topRight":2,"bottomRight":2,"bottomLeft":2},"height":27,"id":"40738a19-ca57-4388-8c96-b0d92565cb7d","type":"text"},{"opacity":100,"flip":{"vertical":false,"horizontal":false},"rotationAngle":0,"lockAspectRatio":true,"backgroundTextMode":"NONE","font":{"family":"Roboto"},"fontSize":18,"backgroundColor":{"color":{"r":196,"g":196,"b":196}},"lineHeight":1.1999999999999999555910790149937383830547332763671875,"textAlign":"justify","padding":{"locked":true,"hasHiddenPadding":false,"horizontal":0,"vertical":0},"content":"A cochonilha-do-carmim devastava as planta\u00e7\u00f5es de palma, colocando em risco a subsist\u00eancia de milhares de fam\u00edlias.","x":48,"y":533,"width":316,"borderRadius":{"locked":true,"topLeft":2,"topRight":2,"bottomRight":2,"bottomLeft":2},"height":86,"id":"85964597-04c9-46b8-b01a-82f2d9d0bc5b","type":"text"},{"opacity":100,"flip":{"vertical":false,"horizontal":false},"rotationAngle":0,"lockAspectRatio":false,"scale":100,"focalX":50,"focalY":50,"resource":{"type":"image","mimeType":"image\/jpeg","width":708,"height":476,"sizes":{"medium":{"file":"palma-com-cochonilha-do-carmim-300x202.jpg","width":300,"height":202,"filesize":14767,"mimeType":"image\/jpeg","sourceUrl":"https:\/\/www.fazendaboqueiraorn.com.br\/wp-content\/uploads\/2024\/09\/palma-com-cochonilha-do-carmim-300x202.jpg"},"thumbnail":{"file":"palma-com-cochonilha-do-carmim-150x150.jpg","width":150,"height":150,"filesize":6472,"mimeType":"image\/jpeg","sourceUrl":"https:\/\/www.fazendaboqueiraorn.com.br\/wp-content\/uploads\/2024\/09\/palma-com-cochonilha-do-carmim-150x150.jpg"},"trp-custom-language-flag":{"file":"palma-com-cochonilha-do-carmim-18x12.jpg","width":18,"height":12,"filesize":507,"mimeType":"image\/jpeg","sourceUrl":"https:\/\/www.fazendaboqueiraorn.com.br\/wp-content\/uploads\/2024\/09\/palma-com-cochonilha-do-carmim-18x12.jpg"},"ultp_layout_portrait":{"file":"palma-com-cochonilha-do-carmim-600x476.jpg","width":600,"height":476,"filesize":55189,"mimeType":"image\/jpeg","sourceUrl":"https:\/\/www.fazendaboqueiraorn.com.br\/wp-content\/uploads\/2024\/09\/palma-com-cochonilha-do-carmim-600x476.jpg"},"ultp_layout_square":{"file":"palma-com-cochonilha-do-carmim-600x476.jpg","width":600,"height":476,"filesize":55189,"mimeType":"image\/jpeg","sourceUrl":"https:\/\/www.fazendaboqueiraorn.com.br\/wp-content\/uploads\/2024\/09\/palma-com-cochonilha-do-carmim-600x476.jpg"},"woocommerce_thumbnail":{"file":"palma-com-cochonilha-do-carmim-300x300.jpg","width":300,"height":300,"filesize":19467,"mimeType":"image\/jpeg","sourceUrl":"https:\/\/www.fazendaboqueiraorn.com.br\/wp-content\/uploads\/2024\/09\/palma-com-cochonilha-do-carmim-300x300.jpg"},"woocommerce_single":{"file":"palma-com-cochonilha-do-carmim-600x403.jpg","width":600,"height":403,"filesize":44020,"mimeType":"image\/jpeg","sourceUrl":"https:\/\/www.fazendaboqueiraorn.com.br\/wp-content\/uploads\/2024\/09\/palma-com-cochonilha-do-carmim-600x403.jpg"},"woocommerce_gallery_thumbnail":{"file":"palma-com-cochonilha-do-carmim-100x100.jpg","width":100,"height":100,"filesize":3558,"mimeType":"image\/jpeg","sourceUrl":"https:\/\/www.fazendaboqueiraorn.com.br\/wp-content\/uploads\/2024\/09\/palma-com-cochonilha-do-carmim-100x100.jpg"},"web-stories-poster-portrait":{"file":"palma-com-cochonilha-do-carmim-640x476.jpg","width":640,"height":476,"filesize":58351,"mimeType":"image\/jpeg","sourceUrl":"https:\/\/www.fazendaboqueiraorn.com.br\/wp-content\/uploads\/2024\/09\/palma-com-cochonilha-do-carmim-640x476.jpg"},"web-stories-publisher-logo":{"file":"palma-com-cochonilha-do-carmim-96x96.jpg","width":96,"height":96,"filesize":3157,"mimeType":"image\/jpeg","sourceUrl":"https:\/\/www.fazendaboqueiraorn.com.br\/wp-content\/uploads\/2024\/09\/palma-com-cochonilha-do-carmim-96x96.jpg"},"web-stories-thumbnail":{"file":"palma-com-cochonilha-do-carmim-150x101.jpg","width":150,"height":101,"filesize":4861,"mimeType":"image\/jpeg","sourceUrl":"https:\/\/www.fazendaboqueiraorn.com.br\/wp-content\/uploads\/2024\/09\/palma-com-cochonilha-do-carmim-150x101.jpg"},"full":{"file":"palma-com-cochonilha-do-carmim.jpg","width":708,"height":476,"mimeType":"image\/jpeg","sourceUrl":"https:\/\/www.fazendaboqueiraorn.com.br\/wp-content\/uploads\/2024\/09\/palma-com-cochonilha-do-carmim.jpg"}},"isPlaceholder":false,"isExternal":false,"needsProxy":false,"baseColor":"#56534c","blurHash":"UbG+UN4nt8xu_NITV[xu%La#Mxt7-pM{azf5","creationDate":1726101298000,"src":"https:\/\/www.fazendaboqueiraorn.com.br\/wp-content\/uploads\/2024\/09\/palma-com-cochonilha-do-carmim.jpg","id":5728,"alt":"palma atacada pela cochonilha-do-carmim","local":false},"type":"image","x":-123,"y":-66,"width":535,"height":544,"mask":{"type":"rectangle","showInLibrary":true,"name":"Ret\u00e2ngulo","path":"M 0,0 1,0 1,1 0,1 0,0 Z","ratio":1,"supportsBorder":true},"id":"ba593fe8-0a3f-4e97-b5a9-c0eb67a055b9"}],"backgroundColor":{"color":{"r":255,"g":255,"b":255}},"animations":[],"id":"b0e90aa0-e2a7-457f-bca2-9205594b59c8"},{"elements":[{"opacity":100,"flip":{"vertical":false,"horizontal":false},"rotationAngle":0,"lockAspectRatio":true,"backgroundColor":{"color":{"r":196,"g":196,"b":196}},"x":1,"y":1,"width":1,"height":1,"mask":{"type":"rectangle"},"isBackground":true,"isDefaultBackground":true,"id":"45b5665e-b541-4899-b501-83cc55dfaa8a","type":"shape"},{"opacity":100,"flip":{"vertical":false,"horizontal":false},"rotationAngle":0,"lockAspectRatio":false,"backgroundColor":{"color":{"r":99,"g":108,"b":83}},"width":412,"height":198,"x":0,"y":478,"mask":{"type":"rectangle"},"id":"60a2d570-4be1-4c4c-9630-c4093aad3d74","type":"shape"},{"opacity":100,"flip":{"vertical":false,"horizontal":false},"rotationAngle":0,"lockAspectRatio":true,"backgroundTextMode":"NONE","font":{"family":"Roboto"},"fontSize":23,"backgroundColor":{"color":{"r":196,"g":196,"b":196}},"lineHeight":1.1999999999999999555910790149937383830547332763671875,"textAlign":"center","padding":{"locked":true,"hasHiddenPadding":false,"horizontal":0,"vertical":0},"content":"<span style=\"font-weight: 700; color: #1b271b\">A Esperan\u00e7a Renovou!<\/span>","x":37,"y":494,"width":337,"borderRadius":{"locked":true,"topLeft":2,"topRight":2,"bottomRight":2,"bottomLeft":2},"height":27,"id":"ac213cb0-626f-47ca-a0d8-9d8509d32a62","type":"text"},{"opacity":100,"flip":{"vertical":false,"horizontal":false},"rotationAngle":0,"lockAspectRatio":true,"backgroundTextMode":"NONE","font":{"family":"Roboto"},"fontSize":18,"backgroundColor":{"color":{"r":196,"g":196,"b":196}},"lineHeight":1.1999999999999999555910790149937383830547332763671875,"textAlign":"justify","padding":{"locked":true,"hasHiddenPadding":false,"horizontal":0,"vertical":0},"content":"A EMPARN, em parceria com o Governo Federal, trouxe a solu\u00e7\u00e3o: raquetes de palma forrageira resistentes \u00e0 praga!","x":48,"y":533,"width":316,"borderRadius":{"locked":true,"topLeft":2,"topRight":2,"bottomRight":2,"bottomLeft":2},"height":86,"id":"a974af68-43fe-4097-9d1a-0f4952f97102","type":"text"},{"opacity":100,"flip":{"vertical":false,"horizontal":false},"rotationAngle":0,"lockAspectRatio":false,"scale":100,"focalX":50,"focalY":50,"resource":{"type":"image","mimeType":"image\/jpeg","width":768,"height":576,"sizes":{"medium":{"file":"campo-de-palma-300x225.jpeg","width":300,"height":225,"filesize":18766,"mimeType":"image\/jpeg","sourceUrl":"https:\/\/www.fazendaboqueiraorn.com.br\/wp-content\/uploads\/2024\/09\/campo-de-palma-300x225.jpeg"},"thumbnail":{"file":"campo-de-palma-150x150.jpeg","width":150,"height":150,"filesize":6883,"mimeType":"image\/jpeg","sourceUrl":"https:\/\/www.fazendaboqueiraorn.com.br\/wp-content\/uploads\/2024\/09\/campo-de-palma-150x150.jpeg"},"trp-custom-language-flag":{"file":"campo-de-palma-16x12.jpeg","width":16,"height":12,"filesize":394,"mimeType":"image\/jpeg","sourceUrl":"https:\/\/www.fazendaboqueiraorn.com.br\/wp-content\/uploads\/2024\/09\/campo-de-palma-16x12.jpeg"},"ultp_layout_landscape":{"file":"campo-de-palma-768x570.jpeg","width":768,"height":570,"filesize":114913,"mimeType":"image\/jpeg","sourceUrl":"https:\/\/www.fazendaboqueiraorn.com.br\/wp-content\/uploads\/2024\/09\/campo-de-palma-768x570.jpeg"},"ultp_layout_portrait":{"file":"campo-de-palma-600x576.jpeg","width":600,"height":576,"filesize":89397,"mimeType":"image\/jpeg","sourceUrl":"https:\/\/www.fazendaboqueiraorn.com.br\/wp-content\/uploads\/2024\/09\/campo-de-palma-600x576.jpeg"},"ultp_layout_square":{"file":"campo-de-palma-600x576.jpeg","width":600,"height":576,"filesize":89397,"mimeType":"image\/jpeg","sourceUrl":"https:\/\/www.fazendaboqueiraorn.com.br\/wp-content\/uploads\/2024\/09\/campo-de-palma-600x576.jpeg"},"woocommerce_thumbnail":{"file":"campo-de-palma-300x300.jpeg","width":300,"height":300,"filesize":23287,"mimeType":"image\/jpeg","sourceUrl":"https:\/\/www.fazendaboqueiraorn.com.br\/wp-content\/uploads\/2024\/09\/campo-de-palma-300x300.jpeg"},"woocommerce_single":{"file":"campo-de-palma-600x450.jpeg","width":600,"height":450,"filesize":64990,"mimeType":"image\/jpeg","sourceUrl":"https:\/\/www.fazendaboqueiraorn.com.br\/wp-content\/uploads\/2024\/09\/campo-de-palma-600x450.jpeg"},"woocommerce_gallery_thumbnail":{"file":"campo-de-palma-100x100.jpeg","width":100,"height":100,"filesize":3572,"mimeType":"image\/jpeg","sourceUrl":"https:\/\/www.fazendaboqueiraorn.com.br\/wp-content\/uploads\/2024\/09\/campo-de-palma-100x100.jpeg"},"web-stories-poster-portrait":{"file":"campo-de-palma-640x576.jpeg","width":640,"height":576,"filesize":104503,"mimeType":"image\/jpeg","sourceUrl":"https:\/\/www.fazendaboqueiraorn.com.br\/wp-content\/uploads\/2024\/09\/campo-de-palma-640x576.jpeg"},"web-stories-publisher-logo":{"file":"campo-de-palma-96x96.jpeg","width":96,"height":96,"filesize":3082,"mimeType":"image\/jpeg","sourceUrl":"https:\/\/www.fazendaboqueiraorn.com.br\/wp-content\/uploads\/2024\/09\/campo-de-palma-96x96.jpeg"},"web-stories-thumbnail":{"file":"campo-de-palma-150x113.jpeg","width":150,"height":113,"filesize":5637,"mimeType":"image\/jpeg","sourceUrl":"https:\/\/www.fazendaboqueiraorn.com.br\/wp-content\/uploads\/2024\/09\/campo-de-palma-150x113.jpeg"},"full":{"file":"campo-de-palma.jpeg","width":768,"height":576,"mimeType":"image\/jpeg","sourceUrl":"https:\/\/www.fazendaboqueiraorn.com.br\/wp-content\/uploads\/2024\/09\/campo-de-palma.jpeg"}},"isPlaceholder":false,"isExternal":false,"needsProxy":false,"baseColor":"#4b662c","blurHash":"UQCaYNRRVtRO.AocWAROtBofV[V?o~t7ocV@","creationDate":1726101547000,"src":"https:\/\/www.fazendaboqueiraorn.com.br\/wp-content\/uploads\/2024\/09\/campo-de-palma.jpeg","id":5730,"alt":"campo de palma forrageira","local":false},"type":"image","x":-199,"y":-59,"width":611,"height":537,"mask":{"type":"rectangle","showInLibrary":true,"name":"Ret\u00e2ngulo","path":"M 0,0 1,0 1,1 0,1 0,0 Z","ratio":1,"supportsBorder":true},"id":"270634cc-ce60-46ac-b501-517f6221bf60"}],"backgroundColor":{"color":{"r":255,"g":255,"b":255}},"animations":[],"id":"d38338b2-6d5e-4512-8aca-f6a932e80032"},{"elements":[{"opacity":100,"flip":{"vertical":false,"horizontal":false},"rotationAngle":0,"lockAspectRatio":true,"backgroundColor":{"color":{"r":196,"g":196,"b":196}},"x":1,"y":1,"width":1,"height":1,"mask":{"type":"rectangle"},"isBackground":true,"isDefaultBackground":true,"id":"fa1695b3-dfd0-4e7f-b5fb-80aacb9bfb0c","type":"shape"},{"opacity":100,"flip":{"vertical":false,"horizontal":false},"rotationAngle":0,"lockAspectRatio":false,"backgroundColor":{"color":{"r":99,"g":108,"b":83}},"width":412,"height":198,"x":0,"y":478,"mask":{"type":"rectangle"},"id":"75ffd3b3-10cf-46df-8020-a789cfcc5d71","type":"shape"},{"opacity":100,"flip":{"vertical":false,"horizontal":false},"rotationAngle":0,"lockAspectRatio":true,"backgroundTextMode":"NONE","font":{"family":"Roboto"},"fontSize":23,"backgroundColor":{"color":{"r":196,"g":196,"b":196}},"lineHeight":1.1999999999999999555910790149937383830547332763671875,"textAlign":"center","padding":{"locked":true,"hasHiddenPadding":false,"horizontal":0,"vertical":0},"content":"<span style=\"font-weight: 700; color: #1b271b\">A Vida no Campo Florescendo!<\/span>","x":37,"y":494,"width":337,"borderRadius":{"locked":true,"topLeft":2,"topRight":2,"bottomRight":2,"bottomLeft":2},"height":27,"id":"a6cb8ace-5a3c-4d74-bb0b-57185665e3a5","type":"text"},{"opacity":100,"flip":{"vertical":false,"horizontal":false},"rotationAngle":0,"lockAspectRatio":true,"backgroundTextMode":"NONE","font":{"family":"Roboto"},"fontSize":18,"backgroundColor":{"color":{"r":196,"g":196,"b":196}},"lineHeight":1.1999999999999999555910790149937383830547332763671875,"textAlign":"justify","padding":{"locked":true,"hasHiddenPadding":false,"horizontal":0,"vertical":0},"content":"A palma forrageira resistente garante alimenta\u00e7\u00e3o para o gado, melhora a renda e a qualidade de vida no campo.","x":48,"y":533,"width":316,"borderRadius":{"locked":true,"topLeft":2,"topRight":2,"bottomRight":2,"bottomLeft":2},"height":64,"id":"160aa370-9d96-4c55-bcb8-eeb8cb2230c6","type":"text"},{"opacity":100,"flip":{"vertical":false,"horizontal":false},"rotationAngle":0,"lockAspectRatio":false,"scale":100,"focalX":50,"focalY":50,"resource":{"type":"image","mimeType":"image\/jpeg","width":1000,"height":574,"sizes":{"medium":{"file":"colheita-da-palma-forrageira-300x172.jpg","width":300,"height":172,"filesize":29886,"mimeType":"image\/jpeg","sourceUrl":"https:\/\/www.fazendaboqueiraorn.com.br\/wp-content\/uploads\/2024\/09\/colheita-da-palma-forrageira-300x172.jpg"},"large":{"file":"colheita-da-palma-forrageira-1024x588.jpg","width":1024,"height":588,"filesize":169165,"mimeType":"image\/jpeg","sourceUrl":"https:\/\/www.fazendaboqueiraorn.com.br\/wp-content\/uploads\/2024\/09\/colheita-da-palma-forrageira-1024x588.jpg"},"thumbnail":{"file":"colheita-da-palma-forrageira-150x150.jpg","width":150,"height":150,"filesize":19751,"mimeType":"image\/jpeg","sourceUrl":"https:\/\/www.fazendaboqueiraorn.com.br\/wp-content\/uploads\/2024\/09\/colheita-da-palma-forrageira-150x150.jpg"},"medium_large":{"file":"colheita-da-palma-forrageira-768x441.jpg","width":768,"height":441,"filesize":110508,"mimeType":"image\/jpeg","sourceUrl":"https:\/\/www.fazendaboqueiraorn.com.br\/wp-content\/uploads\/2024\/09\/colheita-da-palma-forrageira-768x441.jpg"},"trp-custom-language-flag":{"file":"colheita-da-palma-forrageira-18x10.jpg","width":18,"height":10,"filesize":11292,"mimeType":"image\/jpeg","sourceUrl":"https:\/\/www.fazendaboqueiraorn.com.br\/wp-content\/uploads\/2024\/09\/colheita-da-palma-forrageira-18x10.jpg"},"ultp_layout_landscape":{"file":"colheita-da-palma-forrageira-870x570.jpg","width":870,"height":570,"filesize":143805,"mimeType":"image\/jpeg","sourceUrl":"https:\/\/www.fazendaboqueiraorn.com.br\/wp-content\/uploads\/2024\/09\/colheita-da-palma-forrageira-870x570.jpg"},"ultp_layout_portrait":{"file":"colheita-da-palma-forrageira-600x620.jpg","width":600,"height":620,"filesize":121728,"mimeType":"image\/jpeg","sourceUrl":"https:\/\/www.fazendaboqueiraorn.com.br\/wp-content\/uploads\/2024\/09\/colheita-da-palma-forrageira-600x620.jpg"},"ultp_layout_square":{"file":"colheita-da-palma-forrageira-600x600.jpg","width":600,"height":600,"filesize":109269,"mimeType":"image\/jpeg","sourceUrl":"https:\/\/www.fazendaboqueiraorn.com.br\/wp-content\/uploads\/2024\/09\/colheita-da-palma-forrageira-600x600.jpg"},"woocommerce_thumbnail":{"file":"colheita-da-palma-forrageira-300x300.jpg","width":300,"height":300,"filesize":41925,"mimeType":"image\/jpeg","sourceUrl":"https:\/\/www.fazendaboqueiraorn.com.br\/wp-content\/uploads\/2024\/09\/colheita-da-palma-forrageira-300x300.jpg"},"woocommerce_single":{"file":"colheita-da-palma-forrageira-600x344.jpg","width":600,"height":344,"filesize":76055,"mimeType":"image\/jpeg","sourceUrl":"https:\/\/www.fazendaboqueiraorn.com.br\/wp-content\/uploads\/2024\/09\/colheita-da-palma-forrageira-600x344.jpg"},"woocommerce_gallery_thumbnail":{"file":"colheita-da-palma-forrageira-100x100.jpg","width":100,"height":100,"filesize":15278,"mimeType":"image\/jpeg","sourceUrl":"https:\/\/www.fazendaboqueiraorn.com.br\/wp-content\/uploads\/2024\/09\/colheita-da-palma-forrageira-100x100.jpg"},"web-stories-poster-portrait":{"file":"colheita-da-palma-forrageira-640x620.jpg","width":640,"height":620,"filesize":130645,"mimeType":"image\/jpeg","sourceUrl":"https:\/\/www.fazendaboqueiraorn.com.br\/wp-content\/uploads\/2024\/09\/colheita-da-palma-forrageira-640x620.jpg"},"web-stories-publisher-logo":{"file":"colheita-da-palma-forrageira-96x96.jpg","width":96,"height":96,"filesize":14706,"mimeType":"image\/jpeg","sourceUrl":"https:\/\/www.fazendaboqueiraorn.com.br\/wp-content\/uploads\/2024\/09\/colheita-da-palma-forrageira-96x96.jpg"},"web-stories-thumbnail":{"file":"colheita-da-palma-forrageira-150x86.jpg","width":150,"height":86,"filesize":16244,"mimeType":"image\/jpeg","sourceUrl":"https:\/\/www.fazendaboqueiraorn.com.br\/wp-content\/uploads\/2024\/09\/colheita-da-palma-forrageira-150x86.jpg"},"full":{"file":"colheita-da-palma-forrageira-scaled.jpg","width":1000,"height":574,"mimeType":"image\/jpeg","sourceUrl":"https:\/\/www.fazendaboqueiraorn.com.br\/wp-content\/uploads\/2024\/09\/colheita-da-palma-forrageira-scaled.jpg"}},"isPlaceholder":false,"isExternal":false,"needsProxy":false,"baseColor":"#767756","blurHash":"URF$a{tk9FjF_NxuIUM_xdWGV@R$jyt7Riof","creationDate":1726101730000,"src":"https:\/\/www.fazendaboqueiraorn.com.br\/wp-content\/uploads\/2024\/09\/colheita-da-palma-forrageira-scaled.jpg","id":5731,"alt":"Colheita da Palma Forrageira","local":false},"type":"image","x":-48,"y":-60,"width":547,"height":538,"mask":{"type":"rectangle","showInLibrary":true,"name":"Ret\u00e2ngulo","path":"M 0,0 1,0 1,1 0,1 0,0 Z","ratio":1,"supportsBorder":true},"id":"151a9deb-5cab-405d-9f52-269b7a07c189"}],"backgroundColor":{"color":{"r":255,"g":255,"b":255}},"animations":[],"id":"8e9bae94-3a7d-413c-8e32-f4c736884f67"},{"elements":[{"opacity":100,"flip":{"vertical":false,"horizontal":false},"rotationAngle":0,"lockAspectRatio":true,"backgroundColor":{"color":{"r":196,"g":196,"b":196}},"x":1,"y":1,"width":1,"height":1,"mask":{"type":"rectangle"},"isBackground":true,"isDefaultBackground":true,"id":"adbd101f-115d-444a-86c9-ee5d80563ef2","type":"shape"},{"opacity":100,"flip":{"vertical":false,"horizontal":false},"rotationAngle":0,"lockAspectRatio":false,"backgroundColor":{"color":{"r":99,"g":108,"b":83}},"width":412,"height":198,"x":0,"y":478,"mask":{"type":"rectangle"},"id":"67120e07-465a-4619-aca8-9a49d9000382","type":"shape"},{"opacity":100,"flip":{"vertical":false,"horizontal":false},"rotationAngle":0,"lockAspectRatio":true,"backgroundTextMode":"NONE","font":{"family":"Roboto"},"fontSize":23,"backgroundColor":{"color":{"r":196,"g":196,"b":196}},"lineHeight":1.1999999999999999555910790149937383830547332763671875,"textAlign":"center","padding":{"locked":true,"hasHiddenPadding":false,"horizontal":0,"vertical":0},"content":"<span style=\"font-weight: 700; color: #1b271b\">Fa\u00e7a Parte Dessa Hist\u00f3ria!<\/span>","x":37,"y":494,"width":337,"borderRadius":{"locked":true,"topLeft":2,"topRight":2,"bottomRight":2,"bottomLeft":2},"height":27,"id":"4e437d79-bf49-4e41-b8d7-d2a44e9a5203","type":"text"},{"opacity":100,"flip":{"vertical":false,"horizontal":false},"rotationAngle":0,"lockAspectRatio":true,"backgroundTextMode":"NONE","font":{"family":"Roboto"},"fontSize":18,"backgroundColor":{"color":{"r":196,"g":196,"b":196}},"lineHeight":1.1999999999999999555910790149937383830547332763671875,"textAlign":"justify","padding":{"locked":true,"hasHiddenPadding":false,"horizontal":0,"vertical":0},"content":"Quer saber mais sobre a palma forrageira e como ela pode beneficiar sua propriedade?","x":48,"y":533,"width":316,"borderRadius":{"locked":true,"topLeft":2,"topRight":2,"bottomRight":2,"bottomLeft":2},"height":64,"id":"88ec0399-046e-41a5-940c-f8bf9839d8c1","type":"text"},{"opacity":100,"flip":{"vertical":false,"horizontal":false},"rotationAngle":0,"lockAspectRatio":false,"scale":100,"focalX":50,"focalY":50,"resource":{"type":"image","mimeType":"image\/jpeg","width":640,"height":853,"sizes":{"medium":{"file":"cropped-raquetes-de-palma-225x300.jpg","width":225,"height":300,"filesize":13149,"mimeType":"image\/jpeg","sourceUrl":"https:\/\/www.fazendaboqueiraorn.com.br\/wp-content\/uploads\/2024\/09\/cropped-raquetes-de-palma-225x300.jpg"},"thumbnail":{"file":"cropped-raquetes-de-palma-150x150.jpg","width":150,"height":150,"filesize":5763,"mimeType":"image\/jpeg","sourceUrl":"https:\/\/www.fazendaboqueiraorn.com.br\/wp-content\/uploads\/2024\/09\/cropped-raquetes-de-palma-150x150.jpg"},"trp-custom-language-flag":{"file":"cropped-raquetes-de-palma-9x12.jpg","width":9,"height":12,"filesize":367,"mimeType":"image\/jpeg","sourceUrl":"https:\/\/www.fazendaboqueiraorn.com.br\/wp-content\/uploads\/2024\/09\/cropped-raquetes-de-palma-9x12.jpg"},"ultp_layout_landscape_large":{"file":"cropped-raquetes-de-palma-640x800.jpg","width":640,"height":800,"filesize":56207,"mimeType":"image\/jpeg","sourceUrl":"https:\/\/www.fazendaboqueiraorn.com.br\/wp-content\/uploads\/2024\/09\/cropped-raquetes-de-palma-640x800.jpg"},"ultp_layout_landscape":{"file":"cropped-raquetes-de-palma-640x570.jpg","width":640,"height":570,"filesize":43719,"mimeType":"image\/jpeg","sourceUrl":"https:\/\/www.fazendaboqueiraorn.com.br\/wp-content\/uploads\/2024\/09\/cropped-raquetes-de-palma-640x570.jpg"},"ultp_layout_portrait":{"file":"cropped-raquetes-de-palma-600x853.jpg","width":600,"height":853,"filesize":56318,"mimeType":"image\/jpeg","sourceUrl":"https:\/\/www.fazendaboqueiraorn.com.br\/wp-content\/uploads\/2024\/09\/cropped-raquetes-de-palma-600x853.jpg"},"ultp_layout_square":{"file":"cropped-raquetes-de-palma-600x600.jpg","width":600,"height":600,"filesize":42198,"mimeType":"image\/jpeg","sourceUrl":"https:\/\/www.fazendaboqueiraorn.com.br\/wp-content\/uploads\/2024\/09\/cropped-raquetes-de-palma-600x600.jpg"},"woocommerce_thumbnail":{"file":"cropped-raquetes-de-palma-300x300.jpg","width":300,"height":300,"filesize":15890,"mimeType":"image\/jpeg","sourceUrl":"https:\/\/www.fazendaboqueiraorn.com.br\/wp-content\/uploads\/2024\/09\/cropped-raquetes-de-palma-300x300.jpg"},"woocommerce_single":{"file":"cropped-raquetes-de-palma-600x800.jpg","width":600,"height":800,"filesize":52535,"mimeType":"image\/jpeg","sourceUrl":"https:\/\/www.fazendaboqueiraorn.com.br\/wp-content\/uploads\/2024\/09\/cropped-raquetes-de-palma-600x800.jpg"},"woocommerce_gallery_thumbnail":{"file":"cropped-raquetes-de-palma-100x100.jpg","width":100,"height":100,"filesize":3251,"mimeType":"image\/jpeg","sourceUrl":"https:\/\/www.fazendaboqueiraorn.com.br\/wp-content\/uploads\/2024\/09\/cropped-raquetes-de-palma-100x100.jpg"},"web-stories-publisher-logo":{"file":"cropped-raquetes-de-palma-96x96.jpg","width":96,"height":96,"filesize":2857,"mimeType":"image\/jpeg","sourceUrl":"https:\/\/www.fazendaboqueiraorn.com.br\/wp-content\/uploads\/2024\/09\/cropped-raquetes-de-palma-96x96.jpg"},"web-stories-thumbnail":{"file":"cropped-raquetes-de-palma-150x200.jpg","width":150,"height":200,"filesize":7027,"mimeType":"image\/jpeg","sourceUrl":"https:\/\/www.fazendaboqueiraorn.com.br\/wp-content\/uploads\/2024\/09\/cropped-raquetes-de-palma-150x200.jpg"},"full":{"file":"cropped-raquetes-de-palma.jpg","width":640,"height":853,"mimeType":"image\/jpeg","sourceUrl":"https:\/\/www.fazendaboqueiraorn.com.br\/wp-content\/uploads\/2024\/09\/cropped-raquetes-de-palma.jpg"}},"isPlaceholder":false,"isExternal":false,"needsProxy":false,"baseColor":"#3c4929","blurHash":"U6D,GY00+*?GFW~V56,K4WMkE1sE0LRQ-pEe","creationDate":"2024-09-12T00:27:42","src":"https:\/\/www.fazendaboqueiraorn.com.br\/wp-content\/uploads\/2024\/09\/cropped-raquetes-de-palma.jpg","id":5726,"alt":"380 mil raquetes de palma s\u00e3o distribuidas pela EMPARN","local":false},"type":"image","x":-26,"y":-60,"width":442,"height":538,"mask":{"type":"rectangle","showInLibrary":true,"name":"Ret\u00e2ngulo","path":"M 0,0 1,0 1,1 0,1 0,0 Z","ratio":1,"supportsBorder":true},"id":"a59ddb75-ca50-41d7-8e08-24024625c668","link":{"needsProxy":false,"url":"https:\/\/www.fazendaboqueiraorn.com.br\/380-mil-raquetes-de-palma-sao-distribuidas-pela-emparn\/","rel":[],"type":"regular","pageId":null,"icon":"https:\/\/www.fazendaboqueiraorn.com.br\/wp-content\/uploads\/2024\/09\/raquetes-de-palma.jpg","desc":"380 mil raquetes de palma s\u00e3o distribu\u00eddas pela EMPARN - Fazenda Boqueir\u00e3o"}}],"backgroundColor":{"color":{"r":255,"g":255,"b":255}},"animations":[],"id":"7238befd-0ffe-4613-ae37-62afcfe745ba","pageAttachment":{"url":"https:\/\/www.fazendaboqueiraorn.com.br\/380-mil-raquetes-de-palma-sao-distribuidas-pela-emparn\/","icon":"https:\/\/www.fazendaboqueiraorn.com.br\/wp-content\/uploads\/2024\/09\/raquetes-de-palma.jpg","needsProxy":false}}],"fonts":{"Roboto":{"family":"Roboto","weights":[100,300,400,500,700,900],"styles":["italic","regular"],"variants":[[0,100],[1,100],[0,300],[1,300],[0,400],[1,400],[0,500],[1,500],[0,700],[1,700],[0,900],[1,900]],"fallbacks":["Helvetica Neue","Helvetica","sans-serif"],"service":"fonts.google.com","metrics":{"upm":2048,"asc":1900,"des":-500,"tAsc":1536,"tDes":-512,"tLGap":102,"wAsc":1946,"wDes":512,"xH":1082,"capH":1456,"yMin":-555,"yMax":2163,"hAsc":1900,"hDes":-500,"lGap":0}}},"autoAdvance":true,"defaultPageDuration":7,"currentStoryStyles":{"colors":[]}},"story_poster":{"id":5726,"url":"https:\/\/i0.wp.com\/www.fazendaboqueiraorn.com.br\/wp-content\/uploads\/2024\/09\/cropped-raquetes-de-palma.jpg?fit=640%2C853&ssl=1","width":640,"height":853,"needsProxy":false},"_links":{"self":[{"href":"https:\/\/www.fazendaboqueiraorn.com.br\/en\/wp-json\/web-stories\/v1\/web-story\/5725","targetHints":{"allow":["GET"]}}],"collection":[{"href":"https:\/\/www.fazendaboqueiraorn.com.br\/en\/wp-json\/web-stories\/v1\/web-story"}],"about":[{"href":"https:\/\/www.fazendaboqueiraorn.com.br\/en\/wp-json\/wp\/v2\/types\/web-story"}],"author":[{"embeddable":true,"href":"https:\/\/www.fazendaboqueiraorn.com.br\/en\/wp-json\/web-stories\/v1\/users\/2"}],"version-history":[{"count":2,"href":"https:\/\/www.fazendaboqueiraorn.com.br\/en\/wp-json\/web-stories\/v1\/web-story\/5725\/revisions"}],"predecessor-version":[{"id":5732,"href":"https:\/\/www.fazendaboqueiraorn.com.br\/en\/wp-json\/web-stories\/v1\/web-story\/5725\/revisions\/5732"}],"wp:featuredmedia":[{"embeddable":true,"href":"https:\/\/www.fazendaboqueiraorn.com.br\/en\/wp-json\/web-stories\/v1\/media\/5726"}],"wp:attachment":[{"href":"https:\/\/www.fazendaboqueiraorn.com.br\/en\/wp-json\/web-stories\/v1\/media?parent=5725"}],"wp:term":[{"taxonomy":"web_story_category","embeddable":true,"href":"https:\/\/www.fazendaboqueiraorn.com.br\/en\/wp-json\/web-stories\/v1\/web_story_category?post=5725"},{"taxonomy":"web_story_tag","embeddable":true,"href":"https:\/\/www.fazendaboqueiraorn.com.br\/en\/wp-json\/web-stories\/v1\/web_story_tag?post=5725"}],"wp:lock":[{"embeddable":true,"href":"https:\/\/www.fazendaboqueiraorn.com.br\/en\/wp-json\/web-stories\/v1\/web-story\/5725\/lock"}],"wp:publisherlogo":[{"embeddable":true,"href":"https:\/\/www.fazendaboqueiraorn.com.br\/en\/wp-json\/web-stories\/v1\/media\/4304"}],"curies":[{"name":"wp","href":"https:\/\/api.w.org\/{rel}","templated":true}]}}