{"id":4342,"date":"2023-11-28T21:29:52","date_gmt":"2023-11-29T00:29:52","guid":{"rendered":"https:\/\/www.fazendaboqueiraorn.com.br\/?post_type=web-story&#038;p=4342"},"modified":"2024-08-05T18:10:26","modified_gmt":"2024-08-05T21:10:26","slug":"1-cavalgada-fazenda-boqueirao-2023","status":"publish","type":"web-story","link":"https:\/\/www.fazendaboqueiraorn.com.br\/en\/web-stories\/1-cavalgada-fazenda-boqueirao-2023\/","title":{"rendered":"1\u00aa Cavalgada da Fazenda Boqueir\u00e3o"},"content":{"rendered":"<p><html amp=\"\" lang=\"en\"><head><meta charSet=\"utf-8\"\/><meta name=\"viewport\" content=\"width=device-width,minimum-scale=1,initial-scale=1\"\/><script async=\"\" src=\"https:\/\/cdn.ampproject.org\/v0.js\"><\/script><script async=\"\" src=\"https:\/\/cdn.ampproject.org\/v0\/amp-story-1.0.js\" custom-element=\"amp-story\"><\/script><link href=\"https:\/\/fonts.googleapis.com\/css2?display=swap&amp;family=Roboto%3Awght%40400%3B700\" rel=\"stylesheet\"\/>\n<style amp-boilerplate=\"\">body{-webkit-animation:-amp-start 8s steps(1,end) 0s 1 normal both;-moz-animation:-amp-start 8s steps(1,end) 0s 1 normal both;-ms-animation:-amp-start 8s steps(1,end) 0s 1 normal both;animation:-amp-start 8s steps(1,end) 0s 1 normal both}@-webkit-keyframes -amp-start{from{visibility:hidden}to{visibility:visible}}@-moz-keyframes -amp-start{from{visibility:hidden}to{visibility:visible}}@-ms-keyframes -amp-start{from{visibility:hidden}to{visibility:visible}}@-o-keyframes -amp-start{from{visibility:hidden}to{visibility:visible}}@keyframes -amp-start{from{visibility:hidden}to{visibility:visible}}<\/style>\n<p><noscript><\/p>\n<style amp-boilerplate=\"\">body{-webkit-animation:none;-moz-animation:none;-ms-animation:none;animation:none}<\/style>\n<p><\/noscript><\/p>\n<style amp-custom=\"\">\n              h1, h2, h3 { font-weight: normal; }<\/p>\n<p>              amp-story-page {\n                background-color: #131516;\n              }<\/p>\n<p>              amp-story-grid-layer {\n                overflow: visible;\n              }<\/p>\n<p>              @media (max-aspect-ratio: 9 \/ 16)  {\n                @media (min-aspect-ratio: 320 \/ 678) {\n                  amp-story-grid-layer.grid-layer {\n                    margin-top: calc((100% \/ 0.5625 - 100% \/ 0.6666666666666666) \/ 2);\n                  }\n                }\n              }<\/p>\n<p>              @media not all and (min-resolution:.001dpcm) {\n                @media {\n                  p.text-wrapper > span {\n                    font-size: calc(100% - 0.5px);\n                  }\n                }\n              }<\/p>\n<p>              .page-fullbleed-area,\n              .page-background-overlay-area {\n                position: absolute;\n                overflow: hidden;\n                width: 100%;\n                left: 0;\n                height: calc(1.1851851851851851 * 100%);\n                top: calc((1 - 1.1851851851851851) * 100% \/ 2);\n              }<\/p>\n<p>              .element-overlay-area {\n                position: absolute;\n                width: 100%;\n                height: 100%;\n                top: 0;\n                left: 0;\n              }<\/p>\n<p>              .page-safe-area {\n                overflow: visible;\n                position: absolute;\n                top: 0;\n                bottom: 0;\n                left: 0;\n                right: 0;\n                width: 100%;\n                height: calc(0.84375 * 100%);\n                margin: auto 0;\n              }<\/p>\n<p>              .mask {\n                position: absolute;\n                overflow: hidden;\n              }<\/p>\n<p>              .fill {\n                position: absolute;\n                top: 0;\n                left: 0;\n                right: 0;\n                bottom: 0;\n                margin: 0;\n              }<\/p>\n<p>              @media (prefers-reduced-motion: no-preference) {\n                .animation-wrapper {\n                  opacity: var(--initial-opacity);\n                  transform: var(--initial-transform);\n                }\n              }<\/p>\n<p>              amp-story-grid-layer.align-bottom {\n                align-content: end;\n                padding: 0;\n                \/* \n                  AMP CTA Layer will exactly occupy 74px regardless of any device.\n                  To space out captions 74px from the BOTTOM (AMP CTA Layer),\n                  74px from the TOP should also be spaced out and thus: 2 * 74px\n                  will be the desired max-height.\n                *\/\n                max-height: calc(100vh - (2 * 74px));\n              }<\/p>\n<p>              .captions-area {\n                padding: 0 32px 0;\n              }<\/p>\n<p>              amp-story-captions {\n                margin-bottom: 16px;\n                text-align: center;\n              }\n              <\/style>\n<p><meta name=\"web-stories-replace-head-start\"\/><title>1\u00aa Cavalgada da Fazenda Boqueir\u00e3o<\/title><link rel=\"canonical\" href=\"https:\/\/www.fazendaboqueiraorn.com.br\/web-stories\/1-cavalgada-fazenda-boqueirao-2023\/\"\/><meta name=\"web-stories-replace-head-end\"\/><\/head><body><amp-story standalone=\"\" publisher=\"Fazenda Boqueir\u00e3o\" publisher-logo-src=\"https:\/\/www.fazendaboqueiraorn.com.br\/wp-content\/uploads\/2023\/11\/Logo-fazenda.png\" title=\"1\u00aa Cavalgada da Fazenda Boqueir\u00e3o\" poster-portrait-src=\"https:\/\/www.fazendaboqueiraorn.com.br\/wp-content\/uploads\/2023\/11\/cropped-cavalgada-fazenda-boqueirao-20231202-scaled-1.jpg\"><amp-story-page id=\"852ced3b-d2d3-4ca4-9b4e-4e2da7611fd4\" auto-advance-after=\"7s\"><amp-story-grid-layer template=\"vertical\" aspect-ratio=\"412:618\" class=\"grid-layer\"><\/p>\n<div class=\"page-fullbleed-area\" style=\"background-color:#fac235\">\n<div class=\"page-safe-area\">\n<div style=\"position:absolute;pointer-events:none;left:0;top:-9.25926%;width:100%;height:118.51852%;opacity:1\">\n<div style=\"pointer-events:initial;width:100%;height:100%;display:block;position:absolute;top:0;left:0;z-index:0\" class=\"mask\" id=\"el-5e92f005-038a-4dfc-84d8-aeca121346f3\">\n<div class=\"fill\" style=\"will-change:transform\"><\/div>\n<\/div>\n<\/div>\n<\/div>\n<\/div>\n<p><\/amp-story-grid-layer><amp-story-grid-layer template=\"vertical\" aspect-ratio=\"412:618\" class=\"grid-layer\"><\/p>\n<div class=\"page-fullbleed-area\">\n<div class=\"page-safe-area\">\n<div style=\"position:absolute;pointer-events:none;left:0;top:-9.2233%;width:100%;height:80.90615%;opacity:1\">\n<div style=\"pointer-events:initial;width:100%;height:100%;display:block;position:absolute;top:0;left:0;z-index:0\" class=\"mask\" id=\"el-b0823322-af30-4706-9ba1-2417b6905c7c\">\n<div style=\"position:absolute;width:100%;height:103%;left:0%;top:-1.5%\" data-leaf-element=\"true\"><amp-img data-recalc-dims=\"1\" layout=\"fill\" src=\"https:\/\/i0.wp.com\/www.fazendaboqueiraorn.com.br\/wp-content\/uploads\/2023\/11\/cavalgada-fazenda-boqueirao-20231202-scaled.jpg?ssl=1\" alt=\"1\u00aa Cavalgada da Fazenda Boqueir\u00e3o\" srcSet=\"https:\/\/www.fazendaboqueiraorn.com.br\/wp-content\/uploads\/2023\/11\/cavalgada-fazenda-boqueirao-20231202-819x1024.jpg 819w,https:\/\/www.fazendaboqueiraorn.com.br\/wp-content\/uploads\/2023\/11\/cavalgada-fazenda-boqueirao-20231202-scaled.jpg 800w,https:\/\/www.fazendaboqueiraorn.com.br\/wp-content\/uploads\/2023\/11\/cavalgada-fazenda-boqueirao-20231202-768x960.jpg 768w,https:\/\/www.fazendaboqueiraorn.com.br\/wp-content\/uploads\/2023\/11\/cavalgada-fazenda-boqueirao-20231202-720x900.jpg 720w,https:\/\/www.fazendaboqueiraorn.com.br\/wp-content\/uploads\/2023\/11\/cavalgada-fazenda-boqueirao-20231202-240x300.jpg 240w,https:\/\/www.fazendaboqueiraorn.com.br\/wp-content\/uploads\/2023\/11\/cavalgada-fazenda-boqueirao-20231202-150x188.jpg 150w\" sizes=\"(min-width: 1024px) 45vh, 100vw\" disable-inline-width=\"true\"><\/amp-img><\/div>\n<\/div>\n<\/div>\n<div style=\"position:absolute;pointer-events:none;left:11.65049%;top:72.81553%;width:76.69903%;height:13.75405%;opacity:1\">\n<div style=\"pointer-events:initial;width:100%;height:100%;display:block;position:absolute;top:0;left:0;z-index:0;border-radius:0.6329113924050633% 0.6329113924050633% 0.6329113924050633% 0.6329113924050633% \/ 2.3529411764705883% 2.3529411764705883% 2.3529411764705883% 2.3529411764705883%\" id=\"el-183afec8-88d5-4f20-9fff-da7afdb7f336\">\n<h1 class=\"fill text-wrapper\" style=\"white-space:pre-line;overflow-wrap:break-word;word-break:break-word;margin:-0.10324367088607536% 0;font-family:&quot;Roboto&quot;,sans-serif;font-size:0.582524em;line-height:1.19;text-align:center;padding:0;color:#000000\"><span><span style=\"font-weight: 700\">1\u00aa Cavalgada da<\/span><br \/>\n<span style=\"font-weight: 700\">Fazenda Boqueir\u00e3o<\/span><\/span><\/h1>\n<\/div>\n<\/div>\n<div style=\"position:absolute;pointer-events:none;left:11.65049%;top:86.56958%;width:76.69903%;height:11.48867%;opacity:1\">\n<div style=\"pointer-events:initial;width:100%;height:100%;display:block;position:absolute;top:0;left:0;z-index:0;border-radius:0.6329113924050633% 0.6329113924050633% 0.6329113924050633% 0.6329113924050633% \/ 2.8169014084507045% 2.8169014084507045% 2.8169014084507045% 2.8169014084507045%\" id=\"el-dddf1d19-cf68-4827-8040-f6acae18b09c\">\n<p class=\"fill text-wrapper\" style=\"white-space:pre-line;overflow-wrap:break-word;word-break:break-word;margin:-0.08900316455696203% 0;font-family:&quot;Roboto&quot;,sans-serif;font-size:0.323625em;line-height:1.2;text-align:justify;padding:0;color:#000000\"><span>Sa\u00edda da sede da Fazenda Boqueir\u00e3o em Barcelona\/RN a partir das 13 horas.<\/span><\/p>\n<\/div>\n<\/div>\n<\/div>\n<\/div>\n<p><\/amp-story-grid-layer><amp-story-page-outlink layout=\"nodisplay\" cta-image=\"https:\/\/www.fazendaboqueiraorn.com.br\/wp-content\/uploads\/2023\/11\/cavalgada-fazenda-boqueirao-20231202-scaled.jpg\"><a href=\"https:\/\/www.fazendaboqueiraorn.com.br\/1a-cavalgada-da-fazenda-boqueirao\/\" rel=\"\">Confira como foi!<\/a><\/amp-story-page-outlink><\/amp-story-page><\/amp-story><\/body><\/html><\/p>\n","protected":false},"excerpt":{"rendered":"<p>1\u00aa Cavalgada da Fazenda Boqueir\u00e3o com concentra\u00e7\u00e3o na sede da Fazenda Boqueir\u00e3o em Barcelona\/RN a partir das 13 horas. Chegada no centro e Forr\u00f3 de Kabra Bom a partir das 18h.<\/p>\n","protected":false},"author":2,"featured_media":4343,"template":"","meta":{"nf_dc_page":"","_uag_custom_page_level_css":"","site-sidebar-layout":"default","site-content-layout":"","ast-site-content-layout":"default","site-content-style":"default","site-sidebar-style":"default","ast-global-header-display":"","ast-banner-title-visibility":"","ast-main-header-display":"","ast-hfb-above-header-display":"","ast-hfb-below-header-display":"","ast-hfb-mobile-header-display":"","site-post-title":"","ast-breadcrumbs-content":"","ast-featured-img":"","footer-sml-layout":"","ast-disable-related-posts":"","theme-transparent-header-meta":"","adv-header-id-meta":"","stick-header-meta":"","header-above-stick-meta":"","header-main-stick-meta":"","header-below-stick-meta":"","astra-migrate-meta-layouts":"default","ast-page-background-enabled":"default","ast-page-background-meta":{"desktop":{"background-color":"var(--ast-global-color-4)","background-image":"","background-repeat":"repeat","background-position":"center center","background-size":"auto","background-attachment":"scroll","background-type":"","background-media":"","overlay-type":"","overlay-color":"","overlay-opacity":"","overlay-gradient":""},"tablet":{"background-color":"","background-image":"","background-repeat":"repeat","background-position":"center center","background-size":"auto","background-attachment":"scroll","background-type":"","background-media":"","overlay-type":"","overlay-color":"","overlay-opacity":"","overlay-gradient":""},"mobile":{"background-color":"","background-image":"","background-repeat":"repeat","background-position":"center center","background-size":"auto","background-attachment":"scroll","background-type":"","background-media":"","overlay-type":"","overlay-color":"","overlay-opacity":"","overlay-gradient":""}},"ast-content-background-meta":{"desktop":{"background-color":"var(--ast-global-color-5)","background-image":"","background-repeat":"repeat","background-position":"center center","background-size":"auto","background-attachment":"scroll","background-type":"","background-media":"","overlay-type":"","overlay-color":"","overlay-opacity":"","overlay-gradient":""},"tablet":{"background-color":"var(--ast-global-color-5)","background-image":"","background-repeat":"repeat","background-position":"center center","background-size":"auto","background-attachment":"scroll","background-type":"","background-media":"","overlay-type":"","overlay-color":"","overlay-opacity":"","overlay-gradient":""},"mobile":{"background-color":"var(--ast-global-color-5)","background-image":"","background-repeat":"repeat","background-position":"center center","background-size":"auto","background-attachment":"scroll","background-type":"","background-media":"","overlay-type":"","overlay-color":"","overlay-opacity":"","overlay-gradient":""}},"jetpack_post_was_ever_published":false,"web_stories_publisher_logo":4304,"web_stories_poster":[],"web_stories_products":[],"footnotes":""},"web_story_category":[],"web_story_tag":[2933],"class_list":["post-4342","web-story","type-web-story","status-publish","has-post-thumbnail","hentry"],"yoast_head":"<!-- This site is optimized with the Yoast SEO plugin v27.4 - https:\/\/yoast.com\/product\/yoast-seo-wordpress\/ -->\n<title>1\u00aa Cavalgada da Fazenda Boqueir\u00e3o - Fazenda Boqueir\u00e3o<\/title>\n<meta name=\"description\" content=\"1\u00aa Cavalgada da Fazenda Boqueir\u00e3o com concentra\u00e7\u00e3o na sede da Fazenda Boqueir\u00e3o em Barcelona\/RN a partir das 13 horas. Chegada no centro e Forr\u00f3 de Kabra Bom a partir das 18h.\" \/>\n<meta name=\"robots\" content=\"index, follow, max-snippet:-1, max-image-preview:large, max-video-preview:-1\" \/>\n<link rel=\"canonical\" href=\"https:\/\/www.fazendaboqueiraorn.com.br\/en\/web-stories\/1-cavalgada-fazenda-boqueirao-2023\/\" \/>\n<meta property=\"og:locale\" content=\"en_US\" \/>\n<meta property=\"og:type\" content=\"article\" \/>\n<meta property=\"og:title\" content=\"1\u00aa Cavalgada da Fazenda Boqueir\u00e3o - Fazenda Boqueir\u00e3o\" \/>\n<meta property=\"og:description\" content=\"1\u00aa Cavalgada da Fazenda Boqueir\u00e3o com concentra\u00e7\u00e3o na sede da Fazenda Boqueir\u00e3o em Barcelona\/RN a partir das 13 horas. Chegada no centro e Forr\u00f3 de Kabra Bom a partir das 18h.\" \/>\n<meta property=\"og:url\" content=\"https:\/\/www.fazendaboqueiraorn.com.br\/en\/web-stories\/1-cavalgada-fazenda-boqueirao-2023\/\" \/>\n<meta property=\"og:site_name\" content=\"Fazenda Boqueir\u00e3o\" \/>\n<meta property=\"article:publisher\" content=\"https:\/\/www.facebook.com\/fazboqueirao\" \/>\n<meta property=\"article:modified_time\" content=\"2024-08-05T21:10:26+00:00\" \/>\n<meta property=\"og:image\" content=\"https:\/\/www.fazendaboqueiraorn.com.br\/wp-content\/uploads\/2023\/11\/cropped-cavalgada-fazenda-boqueirao-20231202-scaled-1.jpg\" \/>\n\t<meta property=\"og:image:width\" content=\"640\" \/>\n\t<meta property=\"og:image:height\" content=\"853\" \/>\n\t<meta property=\"og:image:type\" content=\"image\/jpeg\" \/>\n<meta name=\"twitter:card\" content=\"summary_large_image\" \/>\n<meta name=\"twitter:site\" content=\"@FazBoqueirao\" \/>\n<script type=\"application\/ld+json\" class=\"yoast-schema-graph\">{\"@context\":\"https:\\\/\\\/schema.org\",\"@graph\":[{\"@type\":\"Article\",\"@id\":\"https:\\\/\\\/www.fazendaboqueiraorn.com.br\\\/web-stories\\\/1-cavalgada-fazenda-boqueirao-2023\\\/#article\",\"isPartOf\":{\"@id\":\"https:\\\/\\\/www.fazendaboqueiraorn.com.br\\\/web-stories\\\/1-cavalgada-fazenda-boqueirao-2023\\\/\"},\"author\":{\"name\":\"Fazenda Boqueir\u00e3o\",\"@id\":\"https:\\\/\\\/www.fazendaboqueiraorn.com.br\\\/#\\\/schema\\\/person\\\/70484dc96f76e66c6365a9f4a2ebfb02\"},\"headline\":\"1\u00aa Cavalgada da Fazenda Boqueir\u00e3o\",\"datePublished\":\"2023-11-29T00:29:52+00:00\",\"dateModified\":\"2024-08-05T21:10:26+00:00\",\"mainEntityOfPage\":{\"@id\":\"https:\\\/\\\/www.fazendaboqueiraorn.com.br\\\/web-stories\\\/1-cavalgada-fazenda-boqueirao-2023\\\/\"},\"wordCount\":33,\"publisher\":{\"@id\":\"https:\\\/\\\/www.fazendaboqueiraorn.com.br\\\/#organization\"},\"image\":{\"@id\":\"https:\\\/\\\/www.fazendaboqueiraorn.com.br\\\/web-stories\\\/1-cavalgada-fazenda-boqueirao-2023\\\/#primaryimage\"},\"thumbnailUrl\":\"https:\\\/\\\/i0.wp.com\\\/www.fazendaboqueiraorn.com.br\\\/wp-content\\\/uploads\\\/2023\\\/11\\\/cropped-cavalgada-fazenda-boqueirao-20231202-scaled-1.jpg?fit=640%2C853&ssl=1\",\"keywords\":[\"131516\",\"Boqueir\u00e3o\",\"cavalgada\",\"Fazenda Boqueir\u00e3o\"],\"inLanguage\":\"en-US\"},{\"@type\":\"WebPage\",\"@id\":\"https:\\\/\\\/www.fazendaboqueiraorn.com.br\\\/web-stories\\\/1-cavalgada-fazenda-boqueirao-2023\\\/\",\"url\":\"https:\\\/\\\/www.fazendaboqueiraorn.com.br\\\/web-stories\\\/1-cavalgada-fazenda-boqueirao-2023\\\/\",\"name\":\"1\u00aa Cavalgada da Fazenda Boqueir\u00e3o - Fazenda Boqueir\u00e3o\",\"isPartOf\":{\"@id\":\"https:\\\/\\\/www.fazendaboqueiraorn.com.br\\\/#website\"},\"primaryImageOfPage\":{\"@id\":\"https:\\\/\\\/www.fazendaboqueiraorn.com.br\\\/web-stories\\\/1-cavalgada-fazenda-boqueirao-2023\\\/#primaryimage\"},\"image\":{\"@id\":\"https:\\\/\\\/www.fazendaboqueiraorn.com.br\\\/web-stories\\\/1-cavalgada-fazenda-boqueirao-2023\\\/#primaryimage\"},\"thumbnailUrl\":\"https:\\\/\\\/i0.wp.com\\\/www.fazendaboqueiraorn.com.br\\\/wp-content\\\/uploads\\\/2023\\\/11\\\/cropped-cavalgada-fazenda-boqueirao-20231202-scaled-1.jpg?fit=640%2C853&ssl=1\",\"datePublished\":\"2023-11-29T00:29:52+00:00\",\"dateModified\":\"2024-08-05T21:10:26+00:00\",\"breadcrumb\":{\"@id\":\"https:\\\/\\\/www.fazendaboqueiraorn.com.br\\\/web-stories\\\/1-cavalgada-fazenda-boqueirao-2023\\\/#breadcrumb\"},\"inLanguage\":\"en-US\",\"potentialAction\":[{\"@type\":\"ReadAction\",\"target\":[\"https:\\\/\\\/www.fazendaboqueiraorn.com.br\\\/web-stories\\\/1-cavalgada-fazenda-boqueirao-2023\\\/\"]}]},{\"@type\":\"ImageObject\",\"inLanguage\":\"en-US\",\"@id\":\"https:\\\/\\\/www.fazendaboqueiraorn.com.br\\\/web-stories\\\/1-cavalgada-fazenda-boqueirao-2023\\\/#primaryimage\",\"url\":\"https:\\\/\\\/i0.wp.com\\\/www.fazendaboqueiraorn.com.br\\\/wp-content\\\/uploads\\\/2023\\\/11\\\/cropped-cavalgada-fazenda-boqueirao-20231202-scaled-1.jpg?fit=640%2C853&ssl=1\",\"contentUrl\":\"https:\\\/\\\/i0.wp.com\\\/www.fazendaboqueiraorn.com.br\\\/wp-content\\\/uploads\\\/2023\\\/11\\\/cropped-cavalgada-fazenda-boqueirao-20231202-scaled-1.jpg?fit=640%2C853&ssl=1\",\"width\":640,\"height\":853,\"caption\":\"1\u00aa Cavalgada da Fazenda Boqueir\u00e3o\"},{\"@type\":\"BreadcrumbList\",\"@id\":\"https:\\\/\\\/www.fazendaboqueiraorn.com.br\\\/web-stories\\\/1-cavalgada-fazenda-boqueirao-2023\\\/#breadcrumb\",\"itemListElement\":[{\"@type\":\"ListItem\",\"position\":1,\"name\":\"Home\",\"item\":\"https:\\\/\\\/www.fazendaboqueiraorn.com.br\\\/\"},{\"@type\":\"ListItem\",\"position\":2,\"name\":\"Story\",\"item\":\"https:\\\/\\\/www.fazendaboqueiraorn.com.br\\\/web-stories\\\/\"},{\"@type\":\"ListItem\",\"position\":3,\"name\":\"1\u00aa Cavalgada da Fazenda Boqueir\u00e3o\"}]},{\"@type\":\"WebSite\",\"@id\":\"https:\\\/\\\/www.fazendaboqueiraorn.com.br\\\/#website\",\"url\":\"https:\\\/\\\/www.fazendaboqueiraorn.com.br\\\/\",\"name\":\"Fazenda Boqueir\u00e3o\",\"description\":\"\",\"publisher\":{\"@id\":\"https:\\\/\\\/www.fazendaboqueiraorn.com.br\\\/#organization\"},\"potentialAction\":[{\"@type\":\"SearchAction\",\"target\":{\"@type\":\"EntryPoint\",\"urlTemplate\":\"https:\\\/\\\/www.fazendaboqueiraorn.com.br\\\/?s={search_term_string}\"},\"query-input\":{\"@type\":\"PropertyValueSpecification\",\"valueRequired\":true,\"valueName\":\"search_term_string\"}}],\"inLanguage\":\"en-US\"},{\"@type\":\"Organization\",\"@id\":\"https:\\\/\\\/www.fazendaboqueiraorn.com.br\\\/#organization\",\"name\":\"Fazenda Boqueir\u00e3o\",\"url\":\"https:\\\/\\\/www.fazendaboqueiraorn.com.br\\\/\",\"logo\":{\"@type\":\"ImageObject\",\"inLanguage\":\"en-US\",\"@id\":\"https:\\\/\\\/www.fazendaboqueiraorn.com.br\\\/#\\\/schema\\\/logo\\\/image\\\/\",\"url\":\"https:\\\/\\\/i0.wp.com\\\/www.fazendaboqueiraorn.com.br\\\/wp-content\\\/uploads\\\/2021\\\/08\\\/logo-fazenda-120x120-1.png?fit=120%2C120&ssl=1\",\"contentUrl\":\"https:\\\/\\\/i0.wp.com\\\/www.fazendaboqueiraorn.com.br\\\/wp-content\\\/uploads\\\/2021\\\/08\\\/logo-fazenda-120x120-1.png?fit=120%2C120&ssl=1\",\"width\":120,\"height\":120,\"caption\":\"Fazenda Boqueir\u00e3o\"},\"image\":{\"@id\":\"https:\\\/\\\/www.fazendaboqueiraorn.com.br\\\/#\\\/schema\\\/logo\\\/image\\\/\"},\"sameAs\":[\"https:\\\/\\\/www.facebook.com\\\/fazboqueirao\",\"https:\\\/\\\/x.com\\\/FazBoqueirao\",\"http:\\\/\\\/instagram.com\\\/fazboqueirao\\\/\",\"https:\\\/\\\/www.linkedin.com\\\/company\\\/fazboqueirao\\\/\",\"https:\\\/\\\/www.youtube.com\\\/channel\\\/UCUA4_8v8HkmMeNUh8c6Ky1Q\"]},{\"@type\":\"Person\",\"@id\":\"https:\\\/\\\/www.fazendaboqueiraorn.com.br\\\/#\\\/schema\\\/person\\\/70484dc96f76e66c6365a9f4a2ebfb02\",\"name\":\"Fazenda Boqueir\u00e3o\",\"image\":{\"@type\":\"ImageObject\",\"inLanguage\":\"en-US\",\"@id\":\"https:\\\/\\\/secure.gravatar.com\\\/avatar\\\/19f19467ae305ded5d913deae2fb6c6f29fe88a0a7f3a4dca5679407289a9efd?s=96&d=mm&r=g\",\"url\":\"https:\\\/\\\/secure.gravatar.com\\\/avatar\\\/19f19467ae305ded5d913deae2fb6c6f29fe88a0a7f3a4dca5679407289a9efd?s=96&d=mm&r=g\",\"contentUrl\":\"https:\\\/\\\/secure.gravatar.com\\\/avatar\\\/19f19467ae305ded5d913deae2fb6c6f29fe88a0a7f3a4dca5679407289a9efd?s=96&d=mm&r=g\",\"caption\":\"Fazenda Boqueir\u00e3o\"},\"url\":\"https:\\\/\\\/www.fazendaboqueiraorn.com.br\\\/en\\\/author\\\/fazenda\\\/\"}]}<\/script>\n<!-- \/ Yoast SEO plugin. -->","yoast_head_json":{"title":"1\u00aa Cavalgada da Fazenda Boqueir\u00e3o - Fazenda Boqueir\u00e3o","description":"1\u00aa Cavalgada da Fazenda Boqueir\u00e3o com concentra\u00e7\u00e3o na sede da Fazenda Boqueir\u00e3o em Barcelona\/RN a partir das 13 horas. Chegada no centro e Forr\u00f3 de Kabra Bom a partir das 18h.","robots":{"index":"index","follow":"follow","max-snippet":"max-snippet:-1","max-image-preview":"max-image-preview:large","max-video-preview":"max-video-preview:-1"},"canonical":"https:\/\/www.fazendaboqueiraorn.com.br\/en\/web-stories\/1-cavalgada-fazenda-boqueirao-2023\/","og_locale":"en_US","og_type":"article","og_title":"1\u00aa Cavalgada da Fazenda Boqueir\u00e3o - Fazenda Boqueir\u00e3o","og_description":"1\u00aa Cavalgada da Fazenda Boqueir\u00e3o com concentra\u00e7\u00e3o na sede da Fazenda Boqueir\u00e3o em Barcelona\/RN a partir das 13 horas. Chegada no centro e Forr\u00f3 de Kabra Bom a partir das 18h.","og_url":"https:\/\/www.fazendaboqueiraorn.com.br\/en\/web-stories\/1-cavalgada-fazenda-boqueirao-2023\/","og_site_name":"Fazenda Boqueir\u00e3o","article_publisher":"https:\/\/www.facebook.com\/fazboqueirao","article_modified_time":"2024-08-05T21:10:26+00:00","og_image":[{"width":640,"height":853,"url":"https:\/\/www.fazendaboqueiraorn.com.br\/wp-content\/uploads\/2023\/11\/cropped-cavalgada-fazenda-boqueirao-20231202-scaled-1.jpg","type":"image\/jpeg"}],"twitter_card":"summary_large_image","twitter_site":"@FazBoqueirao","schema":{"@context":"https:\/\/schema.org","@graph":[{"@type":"Article","@id":"https:\/\/www.fazendaboqueiraorn.com.br\/web-stories\/1-cavalgada-fazenda-boqueirao-2023\/#article","isPartOf":{"@id":"https:\/\/www.fazendaboqueiraorn.com.br\/web-stories\/1-cavalgada-fazenda-boqueirao-2023\/"},"author":{"name":"Fazenda Boqueir\u00e3o","@id":"https:\/\/www.fazendaboqueiraorn.com.br\/#\/schema\/person\/70484dc96f76e66c6365a9f4a2ebfb02"},"headline":"1\u00aa Cavalgada da Fazenda Boqueir\u00e3o","datePublished":"2023-11-29T00:29:52+00:00","dateModified":"2024-08-05T21:10:26+00:00","mainEntityOfPage":{"@id":"https:\/\/www.fazendaboqueiraorn.com.br\/web-stories\/1-cavalgada-fazenda-boqueirao-2023\/"},"wordCount":33,"publisher":{"@id":"https:\/\/www.fazendaboqueiraorn.com.br\/#organization"},"image":{"@id":"https:\/\/www.fazendaboqueiraorn.com.br\/web-stories\/1-cavalgada-fazenda-boqueirao-2023\/#primaryimage"},"thumbnailUrl":"https:\/\/i0.wp.com\/www.fazendaboqueiraorn.com.br\/wp-content\/uploads\/2023\/11\/cropped-cavalgada-fazenda-boqueirao-20231202-scaled-1.jpg?fit=640%2C853&ssl=1","keywords":["131516","Boqueir\u00e3o","cavalgada","Fazenda Boqueir\u00e3o"],"inLanguage":"en-US"},{"@type":"WebPage","@id":"https:\/\/www.fazendaboqueiraorn.com.br\/web-stories\/1-cavalgada-fazenda-boqueirao-2023\/","url":"https:\/\/www.fazendaboqueiraorn.com.br\/web-stories\/1-cavalgada-fazenda-boqueirao-2023\/","name":"1\u00aa Cavalgada da Fazenda Boqueir\u00e3o - Fazenda Boqueir\u00e3o","isPartOf":{"@id":"https:\/\/www.fazendaboqueiraorn.com.br\/#website"},"primaryImageOfPage":{"@id":"https:\/\/www.fazendaboqueiraorn.com.br\/web-stories\/1-cavalgada-fazenda-boqueirao-2023\/#primaryimage"},"image":{"@id":"https:\/\/www.fazendaboqueiraorn.com.br\/web-stories\/1-cavalgada-fazenda-boqueirao-2023\/#primaryimage"},"thumbnailUrl":"https:\/\/i0.wp.com\/www.fazendaboqueiraorn.com.br\/wp-content\/uploads\/2023\/11\/cropped-cavalgada-fazenda-boqueirao-20231202-scaled-1.jpg?fit=640%2C853&ssl=1","datePublished":"2023-11-29T00:29:52+00:00","dateModified":"2024-08-05T21:10:26+00:00","breadcrumb":{"@id":"https:\/\/www.fazendaboqueiraorn.com.br\/web-stories\/1-cavalgada-fazenda-boqueirao-2023\/#breadcrumb"},"inLanguage":"en-US","potentialAction":[{"@type":"ReadAction","target":["https:\/\/www.fazendaboqueiraorn.com.br\/web-stories\/1-cavalgada-fazenda-boqueirao-2023\/"]}]},{"@type":"ImageObject","inLanguage":"en-US","@id":"https:\/\/www.fazendaboqueiraorn.com.br\/web-stories\/1-cavalgada-fazenda-boqueirao-2023\/#primaryimage","url":"https:\/\/i0.wp.com\/www.fazendaboqueiraorn.com.br\/wp-content\/uploads\/2023\/11\/cropped-cavalgada-fazenda-boqueirao-20231202-scaled-1.jpg?fit=640%2C853&ssl=1","contentUrl":"https:\/\/i0.wp.com\/www.fazendaboqueiraorn.com.br\/wp-content\/uploads\/2023\/11\/cropped-cavalgada-fazenda-boqueirao-20231202-scaled-1.jpg?fit=640%2C853&ssl=1","width":640,"height":853,"caption":"1\u00aa Cavalgada da Fazenda Boqueir\u00e3o"},{"@type":"BreadcrumbList","@id":"https:\/\/www.fazendaboqueiraorn.com.br\/web-stories\/1-cavalgada-fazenda-boqueirao-2023\/#breadcrumb","itemListElement":[{"@type":"ListItem","position":1,"name":"Home","item":"https:\/\/www.fazendaboqueiraorn.com.br\/"},{"@type":"ListItem","position":2,"name":"Story","item":"https:\/\/www.fazendaboqueiraorn.com.br\/web-stories\/"},{"@type":"ListItem","position":3,"name":"1\u00aa Cavalgada da Fazenda Boqueir\u00e3o"}]},{"@type":"WebSite","@id":"https:\/\/www.fazendaboqueiraorn.com.br\/#website","url":"https:\/\/www.fazendaboqueiraorn.com.br\/","name":"Fazenda Boqueir\u00e3o","description":"","publisher":{"@id":"https:\/\/www.fazendaboqueiraorn.com.br\/#organization"},"potentialAction":[{"@type":"SearchAction","target":{"@type":"EntryPoint","urlTemplate":"https:\/\/www.fazendaboqueiraorn.com.br\/?s={search_term_string}"},"query-input":{"@type":"PropertyValueSpecification","valueRequired":true,"valueName":"search_term_string"}}],"inLanguage":"en-US"},{"@type":"Organization","@id":"https:\/\/www.fazendaboqueiraorn.com.br\/#organization","name":"Fazenda Boqueir\u00e3o","url":"https:\/\/www.fazendaboqueiraorn.com.br\/","logo":{"@type":"ImageObject","inLanguage":"en-US","@id":"https:\/\/www.fazendaboqueiraorn.com.br\/#\/schema\/logo\/image\/","url":"https:\/\/i0.wp.com\/www.fazendaboqueiraorn.com.br\/wp-content\/uploads\/2021\/08\/logo-fazenda-120x120-1.png?fit=120%2C120&ssl=1","contentUrl":"https:\/\/i0.wp.com\/www.fazendaboqueiraorn.com.br\/wp-content\/uploads\/2021\/08\/logo-fazenda-120x120-1.png?fit=120%2C120&ssl=1","width":120,"height":120,"caption":"Fazenda Boqueir\u00e3o"},"image":{"@id":"https:\/\/www.fazendaboqueiraorn.com.br\/#\/schema\/logo\/image\/"},"sameAs":["https:\/\/www.facebook.com\/fazboqueirao","https:\/\/x.com\/FazBoqueirao","http:\/\/instagram.com\/fazboqueirao\/","https:\/\/www.linkedin.com\/company\/fazboqueirao\/","https:\/\/www.youtube.com\/channel\/UCUA4_8v8HkmMeNUh8c6Ky1Q"]},{"@type":"Person","@id":"https:\/\/www.fazendaboqueiraorn.com.br\/#\/schema\/person\/70484dc96f76e66c6365a9f4a2ebfb02","name":"Fazenda Boqueir\u00e3o","image":{"@type":"ImageObject","inLanguage":"en-US","@id":"https:\/\/secure.gravatar.com\/avatar\/19f19467ae305ded5d913deae2fb6c6f29fe88a0a7f3a4dca5679407289a9efd?s=96&d=mm&r=g","url":"https:\/\/secure.gravatar.com\/avatar\/19f19467ae305ded5d913deae2fb6c6f29fe88a0a7f3a4dca5679407289a9efd?s=96&d=mm&r=g","contentUrl":"https:\/\/secure.gravatar.com\/avatar\/19f19467ae305ded5d913deae2fb6c6f29fe88a0a7f3a4dca5679407289a9efd?s=96&d=mm&r=g","caption":"Fazenda Boqueir\u00e3o"},"url":"https:\/\/www.fazendaboqueiraorn.com.br\/en\/author\/fazenda\/"}]}},"uagb_featured_image_src":{"full":["https:\/\/i0.wp.com\/www.fazendaboqueiraorn.com.br\/wp-content\/uploads\/2023\/11\/cropped-cavalgada-fazenda-boqueirao-20231202-scaled-1.jpg?fit=640%2C853&ssl=1",640,853,false],"thumbnail":["https:\/\/i0.wp.com\/www.fazendaboqueiraorn.com.br\/wp-content\/uploads\/2023\/11\/cropped-cavalgada-fazenda-boqueirao-20231202-scaled-1.jpg?resize=150%2C150&ssl=1",150,150,true],"medium":["https:\/\/i0.wp.com\/www.fazendaboqueiraorn.com.br\/wp-content\/uploads\/2023\/11\/cropped-cavalgada-fazenda-boqueirao-20231202-scaled-1.jpg?fit=225%2C300&ssl=1",225,300,true],"medium_large":["https:\/\/i0.wp.com\/www.fazendaboqueiraorn.com.br\/wp-content\/uploads\/2023\/11\/cropped-cavalgada-fazenda-boqueirao-20231202-scaled-1.jpg?fit=640%2C853&ssl=1",640,853,true],"large":["https:\/\/i0.wp.com\/www.fazendaboqueiraorn.com.br\/wp-content\/uploads\/2023\/11\/cropped-cavalgada-fazenda-boqueirao-20231202-scaled-1.jpg?fit=640%2C853&ssl=1",640,853,true],"1536x1536":["https:\/\/i0.wp.com\/www.fazendaboqueiraorn.com.br\/wp-content\/uploads\/2023\/11\/cropped-cavalgada-fazenda-boqueirao-20231202-scaled-1.jpg?fit=640%2C853&ssl=1",640,853,true],"2048x2048":["https:\/\/i0.wp.com\/www.fazendaboqueiraorn.com.br\/wp-content\/uploads\/2023\/11\/cropped-cavalgada-fazenda-boqueirao-20231202-scaled-1.jpg?fit=640%2C853&ssl=1",640,853,true],"trp-custom-language-flag":["https:\/\/i0.wp.com\/www.fazendaboqueiraorn.com.br\/wp-content\/uploads\/2023\/11\/cropped-cavalgada-fazenda-boqueirao-20231202-scaled-1.jpg?fit=9%2C12&ssl=1",9,12,true],"ultp_layout_landscape_large":["https:\/\/i0.wp.com\/www.fazendaboqueiraorn.com.br\/wp-content\/uploads\/2023\/11\/cropped-cavalgada-fazenda-boqueirao-20231202-scaled-1.jpg?resize=640%2C800&ssl=1",640,800,true],"ultp_layout_landscape":["https:\/\/i0.wp.com\/www.fazendaboqueiraorn.com.br\/wp-content\/uploads\/2023\/11\/cropped-cavalgada-fazenda-boqueirao-20231202-scaled-1.jpg?resize=640%2C570&ssl=1",640,570,true],"ultp_layout_portrait":["https:\/\/i0.wp.com\/www.fazendaboqueiraorn.com.br\/wp-content\/uploads\/2023\/11\/cropped-cavalgada-fazenda-boqueirao-20231202-scaled-1.jpg?resize=600%2C853&ssl=1",600,853,true],"ultp_layout_square":["https:\/\/i0.wp.com\/www.fazendaboqueiraorn.com.br\/wp-content\/uploads\/2023\/11\/cropped-cavalgada-fazenda-boqueirao-20231202-scaled-1.jpg?resize=600%2C600&ssl=1",600,600,true],"woocommerce_thumbnail":["https:\/\/www.fazendaboqueiraorn.com.br\/wp-content\/uploads\/2023\/11\/cropped-cavalgada-fazenda-boqueirao-20231202-scaled-1-300x300.jpg",300,300,true],"woocommerce_single":["https:\/\/www.fazendaboqueiraorn.com.br\/wp-content\/uploads\/2023\/11\/cropped-cavalgada-fazenda-boqueirao-20231202-scaled-1.jpg",600,800,false],"woocommerce_gallery_thumbnail":["https:\/\/www.fazendaboqueiraorn.com.br\/wp-content\/uploads\/2023\/11\/cropped-cavalgada-fazenda-boqueirao-20231202-scaled-1-100x100.jpg",100,100,true],"web-stories-poster-portrait":["https:\/\/www.fazendaboqueiraorn.com.br\/wp-content\/uploads\/2023\/11\/cropped-cavalgada-fazenda-boqueirao-20231202-scaled-1.jpg",640,853,false],"web-stories-publisher-logo":["https:\/\/www.fazendaboqueiraorn.com.br\/wp-content\/uploads\/2023\/11\/cropped-cavalgada-fazenda-boqueirao-20231202-scaled-1-96x96.jpg",96,96,true],"web-stories-thumbnail":["https:\/\/www.fazendaboqueiraorn.com.br\/wp-content\/uploads\/2023\/11\/cropped-cavalgada-fazenda-boqueirao-20231202-scaled-1-150x200.jpg",150,200,true]},"uagb_author_info":{"display_name":"Fazenda Boqueir\u00e3o","author_link":"https:\/\/www.fazendaboqueiraorn.com.br\/en\/author\/fazenda\/"},"uagb_comment_info":0,"uagb_excerpt":"1\u00aa Cavalgada da Fazenda Boqueir\u00e3o com concentra\u00e7\u00e3o na sede da Fazenda Boqueir\u00e3o em Barcelona\/RN a partir das 13 horas. Chegada no centro e Forr\u00f3 de Kabra Bom a partir das 18h.","jetpack_sharing_enabled":true,"jetpack_likes_enabled":true,"story_data":{"version":47,"pages":[{"elements":[{"opacity":100,"flip":{"vertical":false,"horizontal":false},"rotationAngle":0,"lockAspectRatio":true,"backgroundColor":{"color":{"r":196,"g":196,"b":196}},"x":1,"y":1,"width":1,"height":1,"mask":{"type":"rectangle"},"isBackground":true,"isDefaultBackground":true,"type":"shape","id":"5e92f005-038a-4dfc-84d8-aeca121346f3"},{"opacity":100,"flip":{"vertical":false,"horizontal":false},"rotationAngle":0,"lockAspectRatio":false,"scale":100,"focalX":50,"focalY":50,"resource":{"type":"image","mimeType":"image\/jpeg","width":800,"height":1000,"sizes":{"medium":{"file":"cavalgada-fazenda-boqueirao-20231202-240x300.jpg","width":240,"height":300,"filesize":20981,"mimeType":"image\/jpeg","sourceUrl":"https:\/\/www.fazendaboqueiraorn.com.br\/wp-content\/uploads\/2023\/11\/cavalgada-fazenda-boqueirao-20231202-240x300.jpg"},"large":{"file":"cavalgada-fazenda-boqueirao-20231202-819x1024.jpg","width":819,"height":1024,"filesize":138259,"mimeType":"image\/jpeg","sourceUrl":"https:\/\/www.fazendaboqueiraorn.com.br\/wp-content\/uploads\/2023\/11\/cavalgada-fazenda-boqueirao-20231202-819x1024.jpg"},"thumbnail":{"file":"cavalgada-fazenda-boqueirao-20231202-150x150.jpg","width":150,"height":150,"filesize":8724,"mimeType":"image\/jpeg","sourceUrl":"https:\/\/www.fazendaboqueiraorn.com.br\/wp-content\/uploads\/2023\/11\/cavalgada-fazenda-boqueirao-20231202-150x150.jpg"},"medium_large":{"file":"cavalgada-fazenda-boqueirao-20231202-768x960.jpg","width":768,"height":960,"filesize":125225,"mimeType":"image\/jpeg","sourceUrl":"https:\/\/www.fazendaboqueiraorn.com.br\/wp-content\/uploads\/2023\/11\/cavalgada-fazenda-boqueirao-20231202-768x960.jpg"},"trp-custom-language-flag":{"file":"cavalgada-fazenda-boqueirao-20231202-10x12.jpg","width":10,"height":12,"filesize":400,"mimeType":"image\/jpeg","sourceUrl":"https:\/\/www.fazendaboqueiraorn.com.br\/wp-content\/uploads\/2023\/11\/cavalgada-fazenda-boqueirao-20231202-10x12.jpg"},"pgmb-post-image":{"file":"cavalgada-fazenda-boqueirao-20231202-720x900.jpg","width":720,"height":900,"filesize":113733,"mimeType":"image\/jpeg","sourceUrl":"https:\/\/www.fazendaboqueiraorn.com.br\/wp-content\/uploads\/2023\/11\/cavalgada-fazenda-boqueirao-20231202-720x900.jpg"},"neve-blog":{"file":"cavalgada-fazenda-boqueirao-20231202-930x620.jpg","width":930,"height":620,"filesize":98728,"mimeType":"image\/jpeg","sourceUrl":"https:\/\/www.fazendaboqueiraorn.com.br\/wp-content\/uploads\/2023\/11\/cavalgada-fazenda-boqueirao-20231202-930x620.jpg"},"web-stories-poster-portrait":{"file":"cavalgada-fazenda-boqueirao-20231202-640x853.jpg","width":640,"height":853,"filesize":102959,"mimeType":"image\/jpeg","sourceUrl":"https:\/\/www.fazendaboqueiraorn.com.br\/wp-content\/uploads\/2023\/11\/cavalgada-fazenda-boqueirao-20231202-640x853.jpg"},"web-stories-publisher-logo":{"file":"cavalgada-fazenda-boqueirao-20231202-96x96.jpg","width":96,"height":96,"filesize":3945,"mimeType":"image\/jpeg","sourceUrl":"https:\/\/www.fazendaboqueiraorn.com.br\/wp-content\/uploads\/2023\/11\/cavalgada-fazenda-boqueirao-20231202-96x96.jpg"},"web-stories-thumbnail":{"file":"cavalgada-fazenda-boqueirao-20231202-150x188.jpg","width":150,"height":188,"filesize":9846,"mimeType":"image\/jpeg","sourceUrl":"https:\/\/www.fazendaboqueiraorn.com.br\/wp-content\/uploads\/2023\/11\/cavalgada-fazenda-boqueirao-20231202-150x188.jpg"},"full":{"file":"cavalgada-fazenda-boqueirao-20231202-scaled.jpg","width":800,"height":1000,"mimeType":"image\/jpeg","sourceUrl":"https:\/\/www.fazendaboqueiraorn.com.br\/wp-content\/uploads\/2023\/11\/cavalgada-fazenda-boqueirao-20231202-scaled.jpg"}},"isPlaceholder":false,"isExternal":false,"needsProxy":false,"baseColor":"#e4d1a8","blurHash":"UuKwm~adxZog~oa$xtWBOsNHs:oeNJt5smWC","creationDate":"2023-11-28T22:57:33","src":"https:\/\/www.fazendaboqueiraorn.com.br\/wp-content\/uploads\/2023\/11\/cavalgada-fazenda-boqueirao-20231202-scaled.jpg","id":4339,"alt":"1\u00aa Cavalgada da Fazenda Boqueir\u00e3o","local":false,"provider":"local"},"type":"image","x":0,"y":-57,"width":412,"height":500,"mask":{"type":"rectangle","showInLibrary":true,"name":"Ret\u00e2ngulo","path":"M 0,0 1,0 1,1 0,1 0,0 Z","ratio":1,"supportsBorder":true},"id":"b0823322-af30-4706-9ba1-2417b6905c7c"},{"opacity":100,"flip":{"vertical":false,"horizontal":false},"rotationAngle":0,"lockAspectRatio":true,"backgroundTextMode":"NONE","font":{"family":"Roboto"},"fontSize":36,"backgroundColor":{"color":{"r":196,"g":196,"b":196}},"lineHeight":1.189999999999999946709294817992486059665679931640625,"textAlign":"center","padding":{"locked":true,"hasHiddenPadding":false,"horizontal":0,"vertical":0},"content":"<span style=\"font-weight: 700\">1\u00aa Cavalgada da<\/span>\n<span style=\"font-weight: 700\">Fazenda Boqueir\u00e3o<\/span>","x":48,"y":450,"width":316,"borderRadius":{"locked":true,"topLeft":2,"topRight":2,"bottomRight":2,"bottomLeft":2},"type":"text","height":85,"id":"183afec8-88d5-4f20-9fff-da7afdb7f336"},{"opacity":100,"flip":{"vertical":false,"horizontal":false},"rotationAngle":0,"lockAspectRatio":true,"backgroundTextMode":"NONE","font":{"family":"Roboto"},"fontSize":20,"backgroundColor":{"color":{"r":196,"g":196,"b":196}},"lineHeight":1.1999999999999999555910790149937383830547332763671875,"textAlign":"justify","padding":{"locked":true,"hasHiddenPadding":false,"horizontal":0,"vertical":0},"content":"Sa\u00edda da sede da Fazenda Boqueir\u00e3o em Barcelona\/RN a partir das 13 horas.","x":48,"y":535,"width":316,"borderRadius":{"locked":true,"topLeft":2,"topRight":2,"bottomRight":2,"bottomLeft":2},"type":"text","height":71,"id":"dddf1d19-cf68-4827-8040-f6acae18b09c","marginOffset":0.5625}],"backgroundColor":{"color":{"r":250,"g":194,"b":53}},"id":"852ced3b-d2d3-4ca4-9b4e-4e2da7611fd4","defaultBackgroundElement":{"opacity":100,"flip":{"vertical":false,"horizontal":false},"rotationAngle":0,"lockAspectRatio":true,"backgroundColor":{"color":{"r":196,"g":196,"b":196}},"x":1,"y":1,"width":1,"height":1,"mask":{"type":"rectangle"},"isBackground":true,"isDefaultBackground":true,"type":"shape","id":"5e92f005-038a-4dfc-84d8-aeca121346f3"},"animations":[],"pageAttachment":{"url":"https:\/\/www.fazendaboqueiraorn.com.br\/1a-cavalgada-da-fazenda-boqueirao\/","icon":"https:\/\/www.fazendaboqueiraorn.com.br\/wp-content\/uploads\/2023\/11\/cavalgada-fazenda-boqueirao-20231202-scaled.jpg","needsProxy":false,"ctaText":"Confira como foi!"}}],"fonts":{"Roboto":{"family":"Roboto","fallbacks":["sans-serif"],"weights":[100,300,400,500,700,900],"styles":["italic","regular"],"variants":[[0,100],[1,100],[0,300],[1,300],[0,400],[1,400],[0,500],[1,500],[0,700],[1,700],[0,900],[1,900]],"service":"fonts.google.com","metrics":{"upm":2048,"asc":1900,"des":-500,"tAsc":1536,"tDes":-512,"tLGap":102,"wAsc":1946,"wDes":512,"xH":1082,"capH":1456,"yMin":-555,"yMax":2163,"hAsc":1900,"hDes":-500,"lGap":0}}},"autoAdvance":true,"defaultPageDuration":7,"currentStoryStyles":{"colors":[]}},"story_poster":{"id":4343,"url":"https:\/\/i0.wp.com\/www.fazendaboqueiraorn.com.br\/wp-content\/uploads\/2023\/11\/cropped-cavalgada-fazenda-boqueirao-20231202-scaled-1.jpg?fit=640%2C853&ssl=1","width":640,"height":853,"needsProxy":false},"_links":{"self":[{"href":"https:\/\/www.fazendaboqueiraorn.com.br\/en\/wp-json\/web-stories\/v1\/web-story\/4342","targetHints":{"allow":["GET"]}}],"collection":[{"href":"https:\/\/www.fazendaboqueiraorn.com.br\/en\/wp-json\/web-stories\/v1\/web-story"}],"about":[{"href":"https:\/\/www.fazendaboqueiraorn.com.br\/en\/wp-json\/wp\/v2\/types\/web-story"}],"author":[{"embeddable":true,"href":"https:\/\/www.fazendaboqueiraorn.com.br\/en\/wp-json\/web-stories\/v1\/users\/2"}],"version-history":[{"count":3,"href":"https:\/\/www.fazendaboqueiraorn.com.br\/en\/wp-json\/web-stories\/v1\/web-story\/4342\/revisions"}],"predecessor-version":[{"id":4362,"href":"https:\/\/www.fazendaboqueiraorn.com.br\/en\/wp-json\/web-stories\/v1\/web-story\/4342\/revisions\/4362"}],"wp:featuredmedia":[{"embeddable":true,"href":"https:\/\/www.fazendaboqueiraorn.com.br\/en\/wp-json\/web-stories\/v1\/media\/4343"}],"wp:attachment":[{"href":"https:\/\/www.fazendaboqueiraorn.com.br\/en\/wp-json\/web-stories\/v1\/media?parent=4342"}],"wp:term":[{"taxonomy":"web_story_category","embeddable":true,"href":"https:\/\/www.fazendaboqueiraorn.com.br\/en\/wp-json\/web-stories\/v1\/web_story_category?post=4342"},{"taxonomy":"web_story_tag","embeddable":true,"href":"https:\/\/www.fazendaboqueiraorn.com.br\/en\/wp-json\/web-stories\/v1\/web_story_tag?post=4342"}],"wp:lock":[{"embeddable":true,"href":"https:\/\/www.fazendaboqueiraorn.com.br\/en\/wp-json\/web-stories\/v1\/web-story\/4342\/lock"}],"wp:publisherlogo":[{"embeddable":true,"href":"https:\/\/www.fazendaboqueiraorn.com.br\/en\/wp-json\/web-stories\/v1\/media\/4304"}],"curies":[{"name":"wp","href":"https:\/\/api.w.org\/{rel}","templated":true}]}}